{"id":1146,"date":"2023-10-28T11:12:13","date_gmt":"2023-10-28T09:12:13","guid":{"rendered":"http:\/\/www.larenaissancefrancaisenordpasdecalais.fr\/?p=1146"},"modified":"2023-10-28T11:26:30","modified_gmt":"2023-10-28T09:26:30","slug":"ceremonie-de-remise-de-distinction-le-18-octobre-2023-au-centre-de-conservation-du-louvre-a-lievin","status":"publish","type":"post","link":"https:\/\/www.larenaissancefrancaisenordpasdecalais.fr\/index.php\/2023\/10\/28\/ceremonie-de-remise-de-distinction-le-18-octobre-2023-au-centre-de-conservation-du-louvre-a-lievin\/","title":{"rendered":"C\u00e9r\u00e9monie de remise de distinction le 18 octobre 2023 au Centre de Conservation du Louvre \u00e0 Li\u00e9vin."},"content":{"rendered":"\n<figure class=\"wp-block-image aligncenter size-full is-resized\"><img loading=\"lazy\" decoding=\"async\" width=\"465\" height=\"285\" src=\"http:\/\/www.larenaissancefrancaisenordpasdecalais.fr\/wp-content\/uploads\/2023\/04\/RF-presentation-image.png\" alt=\"\" class=\"wp-image-915\" style=\"aspect-ratio:1.631578947368421;width:521px;height:auto\" srcset=\"https:\/\/www.larenaissancefrancaisenordpasdecalais.fr\/wp-content\/uploads\/2023\/04\/RF-presentation-image.png 465w, https:\/\/www.larenaissancefrancaisenordpasdecalais.fr\/wp-content\/uploads\/2023\/04\/RF-presentation-image-300x184.png 300w\" sizes=\"auto, (max-width: 465px) 100vw, 465px\" \/><\/figure>\n\n\n\n<p>C\u2019est au Centre de Conservation du Louvre \u00e0 Li\u00e9vin que nous nous sommes retrouv\u00e9s pour remettre la M\u00e9daille du Rayonnement Culturel \u00e0 Madame Marie-Lys MARGUERITE, Directrice D\u00e9l\u00e9gu\u00e9e de ce lieu.<\/p>\n\n\n\n<p>Elle nous a, tout d\u2019abord, propos\u00e9 une petite visite de ce centre, et nous l\u2019en remercions, ce qui a \u00e9t\u00e9 un privil\u00e8ge pour nous, puisqu\u2019il n\u2019est pas accessible au public.<\/p>\n\n\n\n<p>Ce Centre de Conservation du Louvre, a \u00e9t\u00e9 inaugur\u00e9 en octobre 2019, il a pour mission premi\u00e8re de pr\u00e9munir les collections nationales dont le mus\u00e9e du Louvre Paris \u00e0 la garde contre le risque de crue et d\u2019am\u00e9liorer leurs conditions de conservation et d\u2019\u00e9tudes.<\/p>\n\n\n\n<div class=\"wp-block-columns is-layout-flex wp-container-core-columns-is-layout-9d6595d7 wp-block-columns-is-layout-flex\">\n<div class=\"wp-block-column is-layout-flow wp-block-column-is-layout-flow\">\n<figure class=\"wp-block-image aligncenter size-full is-resized\"><img loading=\"lazy\" decoding=\"async\" width=\"325\" height=\"306\" src=\"http:\/\/www.larenaissancefrancaisenordpasdecalais.fr\/wp-content\/uploads\/2023\/10\/louvre1.png\" alt=\"\" class=\"wp-image-1147\" style=\"aspect-ratio:1.0620915032679739;width:357px;height:auto\" srcset=\"https:\/\/www.larenaissancefrancaisenordpasdecalais.fr\/wp-content\/uploads\/2023\/10\/louvre1.png 325w, https:\/\/www.larenaissancefrancaisenordpasdecalais.fr\/wp-content\/uploads\/2023\/10\/louvre1-300x282.png 300w\" sizes=\"auto, (max-width: 325px) 100vw, 325px\" \/><\/figure>\n<\/div>\n\n\n\n<div class=\"wp-block-column is-layout-flow wp-block-column-is-layout-flow\">\n<p>Puis Madame Zoya Arrignon, pr\u00e9sidente de la D\u00e9l\u00e9gation ouvre la c\u00e9r\u00e9monie par ces mots.<\/p>\n\n\n\n<p>Pour moi, c\u2019est un grand honneur de prononcer ce discours dans ce lieu appel\u00e9 la cath\u00e9drale, dans ce lieu d\u2019\u00e9tude, de recherche et de conservation parmi les plus importants d\u2019Europe. <\/p>\n\n\n\n<p>Le Centre de Conservation du Louvre, situ\u00e9 \u00e0 Li\u00e9vin et dont la premi\u00e8re pierre a \u00e9t\u00e9 pos\u00e9e le vendredi 8 d\u00e9cembre 2017, constitue, avec le Louvre-Lens, un v\u00e9ritable p\u00f4le territorial de d\u00e9veloppement culturel.<\/p>\n<\/div>\n<\/div>\n\n\n\n<p>C\u2019est un lieu unique en France qui honore, valorise et fait rayonner notre r\u00e9gion en France et \u00e0 l\u2019\u00e9tranger, parfois m\u00e9connue ou mal connue. Son installation \u00e0 Li\u00e9vin, en plein c\u0153ur de bassin minier, \u00e9tait une excellente id\u00e9e. J\u2019aimerais citer \u00e0 cette occasion notre ami Jean-Louis Fournier qui disait \u00ab Quelle bonne id\u00e9e d\u2019avoir mis dans la lumi\u00e8re des gens qui ont souvent \u00e9t\u00e9 dans le noir ! Le noir de la mine, le noir du ciel, le noir de l\u2019ignorance \u00bb. Ce p\u00f4le scientifique est un tr\u00e8s grand atout pour notre r\u00e9gion et fait la fiert\u00e9 de sa ville.<\/p>\n\n\n\n<p>Ce centre n\u2019est habituellement pas ouvert au public. Notre d\u00e9l\u00e9gation est fi\u00e8re d\u2019\u00eatre parmi les rares privil\u00e9gi\u00e9s ayant \u00e9t\u00e9 admis au saint des saints de la conservation d\u2019un des plus grands mus\u00e9es du monde, le Louvre, qui c\u00e9l\u00e8bre cette ann\u00e9e son 230<sup>i\u00e8me<\/sup> &nbsp;anniversaire.<\/p>\n\n\n\n<p>La Renaissance Fran\u00e7aise est une grande famille qui a \u00e9t\u00e9 fond\u00e9e il y a plus de 100 ans, par Raymond POINCARE, Pr\u00e9sident de la R\u00e9publique. Elle a pour objectif, la valorisation et la promotion de la langue fran\u00e7aise, de la culture fran\u00e7aise et du savoir-faire fran\u00e7ais.<\/p>\n\n\n\n<p>Le Centre de conservation que vous dirigez depuis 2021 caract\u00e9rise ce beau savoir-faire qui \u0153uvre en faveur de la pr\u00e9servation du patrimoine fran\u00e7ais. En vous remettant aujourd\u2019hui la M\u00e9daille de la Renaissance Fran\u00e7aise, nous souhaitons valoriser ces m\u00e9tiers de l\u2019ombre mais dont le travail est essentiel et indispensable \u00e0 la pr\u00e9servation des \u0153uvres \u00e0 travers les si\u00e8cles.<\/p>\n\n\n\n<div class=\"wp-block-columns is-layout-flex wp-container-core-columns-is-layout-9d6595d7 wp-block-columns-is-layout-flex\">\n<div class=\"wp-block-column is-layout-flow wp-block-column-is-layout-flow\">\n<figure class=\"wp-block-image aligncenter size-full is-resized\"><img loading=\"lazy\" decoding=\"async\" width=\"325\" height=\"209\" src=\"http:\/\/www.larenaissancefrancaisenordpasdecalais.fr\/wp-content\/uploads\/2023\/10\/louvre2.png\" alt=\"\" class=\"wp-image-1148\" style=\"aspect-ratio:1.555023923444976;width:285px;height:auto\" srcset=\"https:\/\/www.larenaissancefrancaisenordpasdecalais.fr\/wp-content\/uploads\/2023\/10\/louvre2.png 325w, https:\/\/www.larenaissancefrancaisenordpasdecalais.fr\/wp-content\/uploads\/2023\/10\/louvre2-300x193.png 300w\" sizes=\"auto, (max-width: 325px) 100vw, 325px\" \/><\/figure>\n<\/div>\n\n\n\n<div class=\"wp-block-column is-layout-flow wp-block-column-is-layout-flow\">\n<p>Avant de lui remettre la M\u00e9daille du Rayonnement Culturel de la Renaissance Fran\u00e7aise, Monsieur Luc Piralla, Directeur-Conservateur du Centre Historique Minier de Lewarde qui est aussi son conjoint a fait un petit discours sur le parcours professionnel de Marie-Lys MARGUERITE.<\/p>\n<\/div>\n<\/div>\n\n\n\n<figure class=\"wp-block-image aligncenter size-full is-resized\"><img loading=\"lazy\" decoding=\"async\" width=\"304\" height=\"484\" src=\"http:\/\/www.larenaissancefrancaisenordpasdecalais.fr\/wp-content\/uploads\/2023\/10\/louvre3.png\" alt=\"\" class=\"wp-image-1149\" style=\"aspect-ratio:0.628099173553719;width:432px;height:auto\" srcset=\"https:\/\/www.larenaissancefrancaisenordpasdecalais.fr\/wp-content\/uploads\/2023\/10\/louvre3.png 304w, https:\/\/www.larenaissancefrancaisenordpasdecalais.fr\/wp-content\/uploads\/2023\/10\/louvre3-188x300.png 188w\" sizes=\"auto, (max-width: 304px) 100vw, 304px\" \/><\/figure>\n","protected":false},"excerpt":{"rendered":"<p>C\u2019est au Centre de Conservation du Louvre \u00e0 Li\u00e9vin que nous nous sommes retrouv\u00e9s pour remettre la M\u00e9daille du Rayonnement Culturel \u00e0 Madame Marie-Lys MARGUERITE, [&#8230;]<\/p>\n","protected":false},"author":3,"featured_media":0,"comment_status":"closed","ping_status":"","sticky":false,"template":"","format":"standard","meta":{"footnotes":""},"categories":[32],"tags":[],"class_list":["post-1146","post","type-post","status-publish","format-standard","hentry","category-les-laureats-2023"],"_links":{"self":[{"href":"https:\/\/www.larenaissancefrancaisenordpasdecalais.fr\/index.php\/wp-json\/wp\/v2\/posts\/1146","targetHints":{"allow":["GET"]}}],"collection":[{"href":"https:\/\/www.larenaissancefrancaisenordpasdecalais.fr\/index.php\/wp-json\/wp\/v2\/posts"}],"about":[{"href":"https:\/\/www.larenaissancefrancaisenordpasdecalais.fr\/index.php\/wp-json\/wp\/v2\/types\/post"}],"author":[{"embeddable":true,"href":"https:\/\/www.larenaissancefrancaisenordpasdecalais.fr\/index.php\/wp-json\/wp\/v2\/users\/3"}],"replies":[{"embeddable":true,"href":"https:\/\/www.larenaissancefrancaisenordpasdecalais.fr\/index.php\/wp-json\/wp\/v2\/comments?post=1146"}],"version-history":[{"count":1,"href":"https:\/\/www.larenaissancefrancaisenordpasdecalais.fr\/index.php\/wp-json\/wp\/v2\/posts\/1146\/revisions"}],"predecessor-version":[{"id":1150,"href":"https:\/\/www.larenaissancefrancaisenordpasdecalais.fr\/index.php\/wp-json\/wp\/v2\/posts\/1146\/revisions\/1150"}],"wp:attachment":[{"href":"https:\/\/www.larenaissancefrancaisenordpasdecalais.fr\/index.php\/wp-json\/wp\/v2\/media?parent=1146"}],"wp:term":[{"taxonomy":"category","embeddable":true,"href":"https:\/\/www.larenaissancefrancaisenordpasdecalais.fr\/index.php\/wp-json\/wp\/v2\/categories?post=1146"},{"taxonomy":"post_tag","embeddable":true,"href":"https:\/\/www.larenaissancefrancaisenordpasdecalais.fr\/index.php\/wp-json\/wp\/v2\/tags?post=1146"}],"curies":[{"name":"wp","href":"https:\/\/api.w.org\/{rel}","templated":true}]}}