{"id":159,"date":"2023-01-01T15:20:00","date_gmt":"2023-01-01T14:20:00","guid":{"rendered":"http:\/\/www.larenaissancefrancaisenordpasdecalais.fr\/?p=159"},"modified":"2023-01-06T14:08:28","modified_gmt":"2023-01-06T13:08:28","slug":"dejeuner-litteraire-du-17-avril-2018-avec-jean-felix-de-la-ville-bauge","status":"publish","type":"post","link":"https:\/\/www.larenaissancefrancaisenordpasdecalais.fr\/index.php\/2023\/01\/01\/dejeuner-litteraire-du-17-avril-2018-avec-jean-felix-de-la-ville-bauge\/","title":{"rendered":"Compte-rendu du d\u00e9jeuner litt\u00e9raire du 17 avril 2018 avec Jean-F\u00e9lix de la Ville Baug\u00e9 \u00e0 Marcq en Baroeul."},"content":{"rendered":"\n<figure class=\"wp-block-image aligncenter size-full is-resized\"><img loading=\"lazy\" decoding=\"async\" src=\"http:\/\/www.larenaissancefrancaisenordpasdecalais.fr\/wp-content\/uploads\/2022\/12\/cropped-personal2.png\" alt=\"\" class=\"wp-image-9\" width=\"107\" height=\"107\" srcset=\"https:\/\/www.larenaissancefrancaisenordpasdecalais.fr\/wp-content\/uploads\/2022\/12\/cropped-personal2.png 512w, https:\/\/www.larenaissancefrancaisenordpasdecalais.fr\/wp-content\/uploads\/2022\/12\/cropped-personal2-300x300.png 300w, https:\/\/www.larenaissancefrancaisenordpasdecalais.fr\/wp-content\/uploads\/2022\/12\/cropped-personal2-150x150.png 150w, https:\/\/www.larenaissancefrancaisenordpasdecalais.fr\/wp-content\/uploads\/2022\/12\/cropped-personal2-270x270.png 270w, https:\/\/www.larenaissancefrancaisenordpasdecalais.fr\/wp-content\/uploads\/2022\/12\/cropped-personal2-192x192.png 192w, https:\/\/www.larenaissancefrancaisenordpasdecalais.fr\/wp-content\/uploads\/2022\/12\/cropped-personal2-180x180.png 180w, https:\/\/www.larenaissancefrancaisenordpasdecalais.fr\/wp-content\/uploads\/2022\/12\/cropped-personal2-32x32.png 32w\" sizes=\"auto, (max-width: 107px) 100vw, 107px\" \/><\/figure>\n\n\n\n<figure class=\"wp-block-image aligncenter size-full is-resized\"><img loading=\"lazy\" decoding=\"async\" src=\"http:\/\/www.larenaissancefrancaisenordpasdecalais.fr\/wp-content\/uploads\/2023\/01\/parterrederoses1.png\" alt=\"\" class=\"wp-image-436\" width=\"662\" height=\"254\" srcset=\"https:\/\/www.larenaissancefrancaisenordpasdecalais.fr\/wp-content\/uploads\/2023\/01\/parterrederoses1.png 879w, https:\/\/www.larenaissancefrancaisenordpasdecalais.fr\/wp-content\/uploads\/2023\/01\/parterrederoses1-300x115.png 300w, https:\/\/www.larenaissancefrancaisenordpasdecalais.fr\/wp-content\/uploads\/2023\/01\/parterrederoses1-768x294.png 768w\" sizes=\"auto, (max-width: 662px) 100vw, 662px\" \/><\/figure>\n\n\n\n<p>Nous avons le plaisir d\u2019accueillir Jean-F\u00e9lix de la Ville Baug\u00e9, avocat, il a effectu\u00e9 de nombreuses missions humanitaires au Cambodge, au Rwanda, au Darfour et en Tch\u00e9tch\u00e9nie. De 2008 \u00e0 2017, il dirige le journal \u00ab Le courrier de Russie \u00bb bimensuel franco-russe \u00e0 Moscou.<\/p>\n\n\n\n<div class=\"wp-block-columns is-layout-flex wp-container-core-columns-is-layout-9d6595d7 wp-block-columns-is-layout-flex\">\n<div class=\"wp-block-column is-layout-flow wp-block-column-is-layout-flow\" style=\"flex-basis:25%\">\n<figure class=\"wp-block-image aligncenter size-full\"><img loading=\"lazy\" decoding=\"async\" width=\"137\" height=\"171\" src=\"http:\/\/www.larenaissancefrancaisenordpasdecalais.fr\/wp-content\/uploads\/2023\/01\/bauge1.png\" alt=\"\" class=\"wp-image-625\"\/><\/figure>\n<\/div>\n\n\n\n<div class=\"wp-block-column is-layout-flow wp-block-column-is-layout-flow\" style=\"flex-basis:50%\">\n<p>Et c\u2019est &nbsp;aux c\u00f4t\u00e9s de&nbsp; Jean-Pierre Arrignon, Pr\u00e9sident de notre D\u00e9l\u00e9gation, qu\u2019il nous pr\u00e9sente &nbsp;son &nbsp;4\u00e8me&nbsp;&nbsp; &nbsp;roman, &nbsp;\u00ab Seuls &nbsp;nos sourires \u00bb aux Editions l\u2019Inventaire.<\/p>\n<\/div>\n\n\n\n<div class=\"wp-block-column is-layout-flow wp-block-column-is-layout-flow\" style=\"flex-basis:25%\">\n<figure class=\"wp-block-image aligncenter size-full is-resized\"><img loading=\"lazy\" decoding=\"async\" src=\"http:\/\/www.larenaissancefrancaisenordpasdecalais.fr\/wp-content\/uploads\/2023\/01\/bauge2.png\" alt=\"\" class=\"wp-image-626\" width=\"258\" height=\"168\"\/><\/figure>\n<\/div>\n<\/div>\n\n\n\n<div class=\"wp-block-columns is-layout-flex wp-container-core-columns-is-layout-9d6595d7 wp-block-columns-is-layout-flex\">\n<div class=\"wp-block-column is-layout-flow wp-block-column-is-layout-flow\" style=\"flex-basis:66.66%\">\n<p>Au del\u00e0 de tous les clich\u00e9s et du cultissime \u00ab Happy birthday Mister Pr\u00e9sident \u00bb, &nbsp;Jean-F\u00e9lix &nbsp;de &nbsp;la &nbsp;Ville &nbsp;Baug\u00e9 &nbsp;fait &nbsp;revivre &nbsp;une &nbsp;Marylin Monroe diff\u00e9rente, il l\u2019incarne. &nbsp;Dans un voyage original et \u00e9mouvant, dans le monde int\u00e9rieur d\u2019une ic\u00f4ne, il nous emm\u00e8ne.<\/p>\n\n\n\n<p>Malgr\u00e9 une immense notori\u00e9t\u00e9, star hollywoodienne et sex-symbol, la vie priv\u00e9e de cette femme est un \u00e9chec.<\/p>\n\n\n\n<p>Une femme na\u00efve, peut-\u00eatre, tr\u00e8s sensible surement, qui n\u2019avait pour armes que son physique.<\/p>\n<\/div>\n\n\n\n<div class=\"wp-block-column is-layout-flow wp-block-column-is-layout-flow\" style=\"flex-basis:33.33%\">\n<figure class=\"wp-block-image aligncenter size-full is-resized\"><img loading=\"lazy\" decoding=\"async\" src=\"http:\/\/www.larenaissancefrancaisenordpasdecalais.fr\/wp-content\/uploads\/2023\/01\/bauge3.png\" alt=\"\" class=\"wp-image-627\" width=\"202\" height=\"305\"\/><\/figure>\n<\/div>\n<\/div>\n\n\n\n<p>Une relation avec un pr\u00e9sident des Etats-Unis, qui sera pour elle, d\u00e9vastatrice.<\/p>\n\n\n\n<p>Un pr\u00e9sident bien connu pour ses nombreuses conqu\u00eates et Marilyn n\u2019en \u00e9tait qu\u2019une de plus parmi d\u2019autres. Elle voulait juste qu\u2019il la regarde, elle voulait juste exister pour lui, ne pas \u00eatre transparente.<\/p>\n\n\n\n<p>Le ressenti d\u2019une \u00e9poque des Etats-Unis, o\u00f9 &nbsp;passent, en arri\u00e8re plan, telles des ombres JFK, Franck Sinatra et Bob Kennedy.<\/p>\n\n\n\n<p>Ouvrage quelque peu surprenant par sa mise en page, qui nous laisse l\u2019espace, de nous rem\u00e9morer les images que nous gardons de cette femme tant d\u00e9sir\u00e9e, qui n\u2019a laiss\u00e9 personne indiff\u00e9rent.<\/p>\n\n\n\n<figure class=\"wp-block-image size-full is-resized\"><img loading=\"lazy\" decoding=\"async\" src=\"http:\/\/www.larenaissancefrancaisenordpasdecalais.fr\/wp-content\/uploads\/2023\/01\/bauge4.png\" alt=\"\" class=\"wp-image-628\" width=\"899\" height=\"291\" srcset=\"https:\/\/www.larenaissancefrancaisenordpasdecalais.fr\/wp-content\/uploads\/2023\/01\/bauge4.png 708w, https:\/\/www.larenaissancefrancaisenordpasdecalais.fr\/wp-content\/uploads\/2023\/01\/bauge4-300x97.png 300w\" sizes=\"auto, (max-width: 899px) 100vw, 899px\" \/><\/figure>\n\n\n\n<p><strong><u>N<\/u><\/strong><strong><u>o<\/u><\/strong><strong><u>s prochaines rencontres <\/u><\/strong><strong>&nbsp;<\/strong>:<\/p>\n\n\n\n<p>&#8211; <strong><u>Mercredi 9 mai 2018 \u00e0 14 h 00, au P\u00f4le Culturel Saint-Pierre \u00e0 Arras<\/u><\/strong>, 2 rue de la Douizi\u00e8me, dans le cadre de la \u00ab F\u00eate de l\u2019Europe \u00bb d\u00e9di\u00e9e \u00e0 Simone Veil, en partenariat avec la Renaissance Fran\u00e7aise, aura lieu l\u2019inauguration des roses du Centenaire \u00ab Simone Veil \u00bb, offertes par notre D\u00e9l\u00e9gation au P\u00f4le Culturel d\u2019Arras.<\/p>\n\n\n\n<p>&#8211; <strong><u>Mardi 5 juin 2018 \u2013 &nbsp;Voyage \u00e0 Veules-les-Roses et Etretat <\/u><\/strong>\u00ab Sur les pas des peintres russes \u00bb. Voyage complet.<\/p>\n\n\n\n<p>&#8211;&nbsp; <strong>&nbsp;<u>Jeudi &nbsp;20 &nbsp;septembre &nbsp;2018<\/u><\/strong>, &nbsp;Annie &nbsp;DEGROOTE &nbsp;(laur\u00e9ate &nbsp;de &nbsp;la &nbsp;Renaissance &nbsp;Fran\u00e7aise 2015, &nbsp;m\u00e9daille &nbsp;d\u2019or &nbsp;du &nbsp;rayonnement &nbsp;culturel) &nbsp;nous &nbsp;pr\u00e9sentera &nbsp;son &nbsp;dernier &nbsp;roman \u00ab Nocturne pour Stanislas \u00bb Presse de la Cit\u00e9 2017.<\/p>\n\n\n\n<p>Photos : Michel Dumont<\/p>\n\n\n\n<p>Texte : Pascale de Loriol<\/p>\n\n\n\n<p><\/p>\n\n\n\n<p class=\"has-medium-font-size\"><strong><a href=\"http:\/\/www.larenaissancefrancaisenordpasdecalais.fr\/wp-content\/uploads\/2023\/01\/20180417dljeanfelixdelavillebauge.pdf\">Compte-rendu du d\u00e9jeuner litt\u00e9raire du 17 avril 2018 avec Jean-F\u00e9lix de la Ville Baug\u00e9 \u00e0 Marcq en Baroeul. Version PDF<\/a><\/strong><\/p>\n","protected":false},"excerpt":{"rendered":"<p>Nous avons le plaisir d\u2019accueillir Jean-F\u00e9lix de la Ville Baug\u00e9, avocat, il a effectu\u00e9 de nombreuses missions humanitaires au Cambodge, au Rwanda, au Darfour et [&#8230;]<\/p>\n","protected":false},"author":3,"featured_media":0,"comment_status":"closed","ping_status":"","sticky":false,"template":"","format":"standard","meta":{"footnotes":""},"categories":[15],"tags":[],"class_list":["post-159","post","type-post","status-publish","format-standard","hentry","category-les-dejeuners-litteraires-de-2015-a-2020"],"_links":{"self":[{"href":"https:\/\/www.larenaissancefrancaisenordpasdecalais.fr\/index.php\/wp-json\/wp\/v2\/posts\/159","targetHints":{"allow":["GET"]}}],"collection":[{"href":"https:\/\/www.larenaissancefrancaisenordpasdecalais.fr\/index.php\/wp-json\/wp\/v2\/posts"}],"about":[{"href":"https:\/\/www.larenaissancefrancaisenordpasdecalais.fr\/index.php\/wp-json\/wp\/v2\/types\/post"}],"author":[{"embeddable":true,"href":"https:\/\/www.larenaissancefrancaisenordpasdecalais.fr\/index.php\/wp-json\/wp\/v2\/users\/3"}],"replies":[{"embeddable":true,"href":"https:\/\/www.larenaissancefrancaisenordpasdecalais.fr\/index.php\/wp-json\/wp\/v2\/comments?post=159"}],"version-history":[{"count":5,"href":"https:\/\/www.larenaissancefrancaisenordpasdecalais.fr\/index.php\/wp-json\/wp\/v2\/posts\/159\/revisions"}],"predecessor-version":[{"id":631,"href":"https:\/\/www.larenaissancefrancaisenordpasdecalais.fr\/index.php\/wp-json\/wp\/v2\/posts\/159\/revisions\/631"}],"wp:attachment":[{"href":"https:\/\/www.larenaissancefrancaisenordpasdecalais.fr\/index.php\/wp-json\/wp\/v2\/media?parent=159"}],"wp:term":[{"taxonomy":"category","embeddable":true,"href":"https:\/\/www.larenaissancefrancaisenordpasdecalais.fr\/index.php\/wp-json\/wp\/v2\/categories?post=159"},{"taxonomy":"post_tag","embeddable":true,"href":"https:\/\/www.larenaissancefrancaisenordpasdecalais.fr\/index.php\/wp-json\/wp\/v2\/tags?post=159"}],"curies":[{"name":"wp","href":"https:\/\/api.w.org\/{rel}","templated":true}]}}