{"id":161,"date":"2023-01-01T15:30:00","date_gmt":"2023-01-01T14:30:00","guid":{"rendered":"http:\/\/www.larenaissancefrancaisenordpasdecalais.fr\/?p=161"},"modified":"2023-01-06T14:09:22","modified_gmt":"2023-01-06T13:09:22","slug":"dejeuner-litteraire-du-20-septembre-2018-avec-annie-degroote","status":"publish","type":"post","link":"https:\/\/www.larenaissancefrancaisenordpasdecalais.fr\/index.php\/2023\/01\/01\/dejeuner-litteraire-du-20-septembre-2018-avec-annie-degroote\/","title":{"rendered":"Compte-rendu du d\u00e9jeuner Litt\u00e9raire du 20 septembre 2018 avec Annie Degroote \u00e0 Arras."},"content":{"rendered":"\n<figure class=\"wp-block-image aligncenter size-full is-resized\"><img loading=\"lazy\" decoding=\"async\" src=\"http:\/\/www.larenaissancefrancaisenordpasdecalais.fr\/wp-content\/uploads\/2022\/12\/cropped-personal2.png\" alt=\"\" class=\"wp-image-9\" width=\"108\" height=\"108\" srcset=\"https:\/\/www.larenaissancefrancaisenordpasdecalais.fr\/wp-content\/uploads\/2022\/12\/cropped-personal2.png 512w, https:\/\/www.larenaissancefrancaisenordpasdecalais.fr\/wp-content\/uploads\/2022\/12\/cropped-personal2-300x300.png 300w, https:\/\/www.larenaissancefrancaisenordpasdecalais.fr\/wp-content\/uploads\/2022\/12\/cropped-personal2-150x150.png 150w, https:\/\/www.larenaissancefrancaisenordpasdecalais.fr\/wp-content\/uploads\/2022\/12\/cropped-personal2-270x270.png 270w, https:\/\/www.larenaissancefrancaisenordpasdecalais.fr\/wp-content\/uploads\/2022\/12\/cropped-personal2-192x192.png 192w, https:\/\/www.larenaissancefrancaisenordpasdecalais.fr\/wp-content\/uploads\/2022\/12\/cropped-personal2-180x180.png 180w, https:\/\/www.larenaissancefrancaisenordpasdecalais.fr\/wp-content\/uploads\/2022\/12\/cropped-personal2-32x32.png 32w\" sizes=\"auto, (max-width: 108px) 100vw, 108px\" \/><\/figure>\n\n\n\n<figure class=\"wp-block-image aligncenter size-full is-resized\"><img loading=\"lazy\" decoding=\"async\" src=\"http:\/\/www.larenaissancefrancaisenordpasdecalais.fr\/wp-content\/uploads\/2023\/01\/parterrederoses1.png\" alt=\"\" class=\"wp-image-436\" width=\"722\" height=\"277\" srcset=\"https:\/\/www.larenaissancefrancaisenordpasdecalais.fr\/wp-content\/uploads\/2023\/01\/parterrederoses1.png 879w, https:\/\/www.larenaissancefrancaisenordpasdecalais.fr\/wp-content\/uploads\/2023\/01\/parterrederoses1-300x115.png 300w, https:\/\/www.larenaissancefrancaisenordpasdecalais.fr\/wp-content\/uploads\/2023\/01\/parterrederoses1-768x294.png 768w\" sizes=\"auto, (max-width: 722px) 100vw, 722px\" \/><\/figure>\n\n\n\n<div class=\"wp-block-columns is-layout-flex wp-container-core-columns-is-layout-9d6595d7 wp-block-columns-is-layout-flex\">\n<div class=\"wp-block-column is-layout-flow wp-block-column-is-layout-flow\" style=\"flex-basis:33.33%\">\n<figure class=\"wp-block-image aligncenter size-full\"><img loading=\"lazy\" decoding=\"async\" width=\"151\" height=\"321\" src=\"http:\/\/www.larenaissancefrancaisenordpasdecalais.fr\/wp-content\/uploads\/2023\/01\/degroote20.png\" alt=\"\" class=\"wp-image-633\" srcset=\"https:\/\/www.larenaissancefrancaisenordpasdecalais.fr\/wp-content\/uploads\/2023\/01\/degroote20.png 151w, https:\/\/www.larenaissancefrancaisenordpasdecalais.fr\/wp-content\/uploads\/2023\/01\/degroote20-141x300.png 141w\" sizes=\"auto, (max-width: 151px) 100vw, 151px\" \/><\/figure>\n<\/div>\n\n\n\n<div class=\"wp-block-column is-layout-flow wp-block-column-is-layout-flow\" style=\"flex-basis:66.66%\">\n<p><\/p>\n\n\n\n<p>Mich\u00e8le VACQUERY, membre-fondateur de notre d\u00e9l\u00e9gation<\/p>\n\n\n\n<p><\/p>\n\n\n\n<p>Bruno DANIEL, Fondateur et Directeur de l\u2019Universit\u00e9 des Compagnons du Tour de France d\u2019Arras, premier laur\u00e9at de notre D\u00e9l\u00e9gation, le 21 octobre 2011, m\u00e9daille de bronze de Solidarit\u00e9 et Valeur<\/p>\n<\/div>\n<\/div>\n\n\n\n<p>Pour notre premier rendez-vous de l\u2019automne, nous avons le plaisir de recevoir, Annie DEGROOTE, laur\u00e9ate 2015 de la Renaissance Fran\u00e7aise, qui vient nous pr\u00e9senter son roman \u00ab Nocturne pour Stanislas \u00bb.<\/p>\n\n\n\n<figure class=\"wp-block-image aligncenter size-full is-resized\"><img loading=\"lazy\" decoding=\"async\" src=\"http:\/\/www.larenaissancefrancaisenordpasdecalais.fr\/wp-content\/uploads\/2023\/01\/degroote21.png\" alt=\"\" class=\"wp-image-634\" width=\"328\" height=\"437\"\/><\/figure>\n\n\n\n<div class=\"wp-block-columns is-layout-flex wp-container-core-columns-is-layout-9d6595d7 wp-block-columns-is-layout-flex\">\n<div class=\"wp-block-column is-layout-flow wp-block-column-is-layout-flow\" style=\"flex-basis:66.66%\">\n<p>Dans cet ouvrage nous accompagnons une jeune artiste Hania, d\u2019origine polonaise, qui ne se doute pas que sa vie et celles de ses proches vont \u00eatre boulevers\u00e9es par la simple invitation d\u2019une septuag\u00e9naire.<\/p>\n\n\n\n<p>Tr\u00e8s vite Hania, soup\u00e7onne, que sa m\u00e8re plut\u00f4t d\u00e9pressive et sa grand-m\u00e8re polonaise Wanda, femme tr\u00e8s attachante, lui cache quelque chose, un secret de famille, un honneur perdu. Ce grand-p\u00e8re Stanislas, qu\u2019elle n\u2019a pas connu, qui \u00e9tait-il ?<\/p>\n<\/div>\n\n\n\n<div class=\"wp-block-column is-layout-flow wp-block-column-is-layout-flow\" style=\"flex-basis:33.33%\">\n<figure class=\"wp-block-image aligncenter size-full is-resized\"><img loading=\"lazy\" decoding=\"async\" src=\"http:\/\/www.larenaissancefrancaisenordpasdecalais.fr\/wp-content\/uploads\/2023\/01\/degroote22.png\" alt=\"\" class=\"wp-image-635\" width=\"257\" height=\"253\"\/><\/figure>\n<\/div>\n<\/div>\n\n\n\n<p>Elle m\u00e8ne \u00e0 la fois une enqu\u00eate mais aussi une qu\u00eate, \u00e0 la d\u00e9couverte de son grand-p\u00e8re Stanislas, de son histoire, de la Pologne \u00e0 la France \u00e0 Leforest et ses mines de charbons.<\/p>\n\n\n\n<div class=\"wp-block-columns is-layout-flex wp-container-core-columns-is-layout-9d6595d7 wp-block-columns-is-layout-flex\">\n<div class=\"wp-block-column is-layout-flow wp-block-column-is-layout-flow\" style=\"flex-basis:33.33%\">\n<figure class=\"wp-block-image aligncenter size-full is-resized\"><img loading=\"lazy\" decoding=\"async\" src=\"http:\/\/www.larenaissancefrancaisenordpasdecalais.fr\/wp-content\/uploads\/2023\/01\/degroote23.png\" alt=\"\" class=\"wp-image-636\" width=\"190\" height=\"191\" srcset=\"https:\/\/www.larenaissancefrancaisenordpasdecalais.fr\/wp-content\/uploads\/2023\/01\/degroote23.png 211w, https:\/\/www.larenaissancefrancaisenordpasdecalais.fr\/wp-content\/uploads\/2023\/01\/degroote23-150x150.png 150w\" sizes=\"auto, (max-width: 190px) 100vw, 190px\" \/><\/figure>\n<\/div>\n\n\n\n<div class=\"wp-block-column is-layout-flow wp-block-column-is-layout-flow\" style=\"flex-basis:66.66%\">\n<p>Annie Degroote aime mettre en lumi\u00e8re des lieux et des faits historiques et elle aborde dans ce roman, l\u2019expulsion des mineurs polonais et de leurs familles en 1934. Histoire peu connu.<\/p>\n\n\n\n<p>Roman de filiation, de transmission et de r\u00e9silience.<\/p>\n<\/div>\n<\/div>\n\n\n\n<p><strong>Laur\u00e9ats 2018<\/strong><strong>&nbsp;<\/strong><strong>:<\/strong><\/p>\n\n\n\n<p>La m\u00e9daille d\u2019or du rayonnement &nbsp;culturel est d\u00e9cern\u00e9e cette ann\u00e9e \u00e0 :<\/p>\n\n\n\n<p>&#8211;&nbsp;&nbsp;&nbsp; Omar YAGOUBI, compositeur et pianiste fran\u00e7ais, natif de Lens, pour la promotion de la musique et de la culture fran\u00e7aise en France et dans le monde. La remise de distinction aura lieu le vendredi 30 novembre 2018 en fin de matin\u00e9e au conservatoire d\u2019Arras.<\/p>\n\n\n\n<p><strong>&#8211;&nbsp;&nbsp;&nbsp; \u00ab La Lyre Halluinoise \u00bb (Pr\u00e9sident : Xavier DESCAMPS) Ch\u0153ur d\u2019hommes fond\u00e9 en 1883, pour la promotion de la musique et de la culture fran\u00e7aise, ainsi que du chant choral en France et dans le monde.<\/strong><\/p>\n\n\n\n<p>La m\u00e9daille d\u2019or de Solidarit\u00e9 et valeur est d\u00e9cern\u00e9e \u00e0 :<\/p>\n\n\n\n<p><strong>&#8211;&nbsp;&nbsp;&nbsp; Jean-Marie LEBLANC, ancien directeur du Tour de France, membre de l\u2019association \u00ab La D\u00e9fense de la Langue Fran\u00e7aise \u00bb pour son engagement dans la promotion du cyclisme fran\u00e7ais et de la langue fran\u00e7aise.<\/strong><\/p>\n\n\n\n<p><strong><u>P<\/u><\/strong><strong><u>rochain rendez-vous<\/u><\/strong><strong>&nbsp;<\/strong><strong>:<\/strong><\/p>\n\n\n\n<p>D\u00e9jeuner Litt\u00e9raire le jeudi 22 novembre 2018 \u00e0 11 h 00 \u00e0 Marcq-en-Baroeul, au restaurant \u00ab Le petit boulevard \u00bb.<\/p>\n\n\n\n<p>Nous recevrons Andr\u00e9 SOLEAU, journaliste, ancien directeur g\u00e9n\u00e9ral du groupe la Voix du Nord. Il viendra \u00e0 l\u2019initiative de notre ami Beno\u00eet DESCAMPS, pour pr\u00e9senter son dernier roman \u00ab Gain de Folie \u00bb paru aux Editions Les Lumi\u00e8res de Lille.<\/p>\n\n\n\n<p>Photos : Michel DUMONT<\/p>\n\n\n\n<p><\/p>\n\n\n\n<p class=\"has-medium-font-size\"><strong><a href=\"http:\/\/www.larenaissancefrancaisenordpasdecalais.fr\/wp-content\/uploads\/2023\/01\/20180920dlanniedegroote.pdf\">Compte-rendu du d\u00e9jeuner Litt\u00e9raire du 20 septembre 2018 avec Annie Degroote \u00e0 Arras. Version PDF<\/a><\/strong><\/p>\n","protected":false},"excerpt":{"rendered":"<p>Mich\u00e8le VACQUERY, membre-fondateur de notre d\u00e9l\u00e9gation Bruno DANIEL, Fondateur et Directeur de l\u2019Universit\u00e9 des Compagnons du Tour de France d\u2019Arras, premier laur\u00e9at de notre D\u00e9l\u00e9gation, [&#8230;]<\/p>\n","protected":false},"author":3,"featured_media":0,"comment_status":"closed","ping_status":"","sticky":false,"template":"","format":"standard","meta":{"footnotes":""},"categories":[15],"tags":[],"class_list":["post-161","post","type-post","status-publish","format-standard","hentry","category-les-dejeuners-litteraires-de-2015-a-2020"],"_links":{"self":[{"href":"https:\/\/www.larenaissancefrancaisenordpasdecalais.fr\/index.php\/wp-json\/wp\/v2\/posts\/161","targetHints":{"allow":["GET"]}}],"collection":[{"href":"https:\/\/www.larenaissancefrancaisenordpasdecalais.fr\/index.php\/wp-json\/wp\/v2\/posts"}],"about":[{"href":"https:\/\/www.larenaissancefrancaisenordpasdecalais.fr\/index.php\/wp-json\/wp\/v2\/types\/post"}],"author":[{"embeddable":true,"href":"https:\/\/www.larenaissancefrancaisenordpasdecalais.fr\/index.php\/wp-json\/wp\/v2\/users\/3"}],"replies":[{"embeddable":true,"href":"https:\/\/www.larenaissancefrancaisenordpasdecalais.fr\/index.php\/wp-json\/wp\/v2\/comments?post=161"}],"version-history":[{"count":5,"href":"https:\/\/www.larenaissancefrancaisenordpasdecalais.fr\/index.php\/wp-json\/wp\/v2\/posts\/161\/revisions"}],"predecessor-version":[{"id":639,"href":"https:\/\/www.larenaissancefrancaisenordpasdecalais.fr\/index.php\/wp-json\/wp\/v2\/posts\/161\/revisions\/639"}],"wp:attachment":[{"href":"https:\/\/www.larenaissancefrancaisenordpasdecalais.fr\/index.php\/wp-json\/wp\/v2\/media?parent=161"}],"wp:term":[{"taxonomy":"category","embeddable":true,"href":"https:\/\/www.larenaissancefrancaisenordpasdecalais.fr\/index.php\/wp-json\/wp\/v2\/categories?post=161"},{"taxonomy":"post_tag","embeddable":true,"href":"https:\/\/www.larenaissancefrancaisenordpasdecalais.fr\/index.php\/wp-json\/wp\/v2\/tags?post=161"}],"curies":[{"name":"wp","href":"https:\/\/api.w.org\/{rel}","templated":true}]}}