{"id":163,"date":"2023-01-01T15:40:00","date_gmt":"2023-01-01T14:40:00","guid":{"rendered":"http:\/\/www.larenaissancefrancaisenordpasdecalais.fr\/?p=163"},"modified":"2023-01-06T14:10:10","modified_gmt":"2023-01-06T13:10:10","slug":"dejeuner-litteraire-du-24-janvier-2019-avec-andre-soleau-journaliste-ancien-directeur-general-du-groupe-la-voix-du-nord","status":"publish","type":"post","link":"https:\/\/www.larenaissancefrancaisenordpasdecalais.fr\/index.php\/2023\/01\/01\/dejeuner-litteraire-du-24-janvier-2019-avec-andre-soleau-journaliste-ancien-directeur-general-du-groupe-la-voix-du-nord\/","title":{"rendered":"Compte-rendu du d\u00e9jeuner litt\u00e9raire du 24 janvier 2019 avec Andr\u00e9 SOLEAU &#8211; Journaliste, ancien Directeur G\u00e9n\u00e9ral du groupe \u00ab la Voix du\u00a0 Nord \u00bb \u00e0 Marcq en Baroeul."},"content":{"rendered":"\n<figure class=\"wp-block-image aligncenter size-full is-resized\"><img loading=\"lazy\" decoding=\"async\" src=\"http:\/\/www.larenaissancefrancaisenordpasdecalais.fr\/wp-content\/uploads\/2022\/12\/cropped-personal2.png\" alt=\"\" class=\"wp-image-9\" width=\"127\" height=\"127\" srcset=\"https:\/\/www.larenaissancefrancaisenordpasdecalais.fr\/wp-content\/uploads\/2022\/12\/cropped-personal2.png 512w, https:\/\/www.larenaissancefrancaisenordpasdecalais.fr\/wp-content\/uploads\/2022\/12\/cropped-personal2-300x300.png 300w, https:\/\/www.larenaissancefrancaisenordpasdecalais.fr\/wp-content\/uploads\/2022\/12\/cropped-personal2-150x150.png 150w, https:\/\/www.larenaissancefrancaisenordpasdecalais.fr\/wp-content\/uploads\/2022\/12\/cropped-personal2-270x270.png 270w, https:\/\/www.larenaissancefrancaisenordpasdecalais.fr\/wp-content\/uploads\/2022\/12\/cropped-personal2-192x192.png 192w, https:\/\/www.larenaissancefrancaisenordpasdecalais.fr\/wp-content\/uploads\/2022\/12\/cropped-personal2-180x180.png 180w, https:\/\/www.larenaissancefrancaisenordpasdecalais.fr\/wp-content\/uploads\/2022\/12\/cropped-personal2-32x32.png 32w\" sizes=\"auto, (max-width: 127px) 100vw, 127px\" \/><\/figure>\n\n\n\n<figure class=\"wp-block-image aligncenter size-full is-resized\"><img loading=\"lazy\" decoding=\"async\" src=\"http:\/\/www.larenaissancefrancaisenordpasdecalais.fr\/wp-content\/uploads\/2023\/01\/entete2019.png\" alt=\"\" class=\"wp-image-641\" width=\"736\" height=\"194\" srcset=\"https:\/\/www.larenaissancefrancaisenordpasdecalais.fr\/wp-content\/uploads\/2023\/01\/entete2019.png 675w, https:\/\/www.larenaissancefrancaisenordpasdecalais.fr\/wp-content\/uploads\/2023\/01\/entete2019-300x79.png 300w\" sizes=\"auto, (max-width: 736px) 100vw, 736px\" \/><\/figure>\n\n\n\n<p>Notre premier d\u00e9jeuner litt\u00e9raire de l\u2019ann\u00e9e 2019 s\u2019est tenu le jeudi 24 janvier dans les salons du restaurant <em>\u00a0\u00bb Le Petit boulevard\u00a0\u00bb <\/em>\u00e0 Marcq &#8211; en- Baroeul<\/p>\n\n\n\n<p>Notre invit\u00e9 \u00e9tait l\u2019homme du pays, Andr\u00e9 SOLEAU, ancien directeur g\u00e9n\u00e9ral du groupe \u00ab\u00a0La Voix du Nord\u00a0\u00bb.<\/p>\n\n\n\n<p>Il est venu pr\u00e9senter son roman <em>\u00a0\u00bb Gain de folie\u00a0\u00bb <\/em>paru aux \u00e9ditions \u00ab\u00a0Les Lumi\u00e8res de Lille\u00a0\u00bb, roman qui a d\u00e9j\u00e0 obtenu le Prix \u00a0\u00bb ADAN\u00a0\u00bb* et le \u00ab\u00a0Grand Prix du 1er roman\u00a0\u00bb.<\/p>\n\n\n\n<figure class=\"wp-block-image aligncenter size-full is-resized\"><img loading=\"lazy\" decoding=\"async\" src=\"http:\/\/www.larenaissancefrancaisenordpasdecalais.fr\/wp-content\/uploads\/2023\/01\/soleau1.png\" alt=\"\" class=\"wp-image-642\" width=\"501\" height=\"652\" srcset=\"https:\/\/www.larenaissancefrancaisenordpasdecalais.fr\/wp-content\/uploads\/2023\/01\/soleau1.png 277w, https:\/\/www.larenaissancefrancaisenordpasdecalais.fr\/wp-content\/uploads\/2023\/01\/soleau1-231x300.png 231w\" sizes=\"auto, (max-width: 501px) 100vw, 501px\" \/><figcaption class=\"wp-element-caption\"><strong>de gauche \u00e0 droite : Fr\u00e9d\u00e9ric L\u00e9pinay, \u00e9diteur et Andr\u00e9 Soleau<\/strong><\/figcaption><\/figure>\n\n\n\n<p><strong>Andr\u00e9 SOLEAU<\/strong><br>N\u00e9 le 29 d\u00e9cembre 1949 \u00e0 Glageon (Nord). Entr\u00e9 \u00e0 La Voix du Nord en 1972, journaliste en 1980, grand reporter en 1983, r\u00e9dacteur en chef de La Voix des Sports en 1989, r\u00e9dacteur en chef et \u00e9ditorialiste de La Voix du Nord en 1991, directeur g\u00e9n\u00e9ral adjoint en 1995, directeur g\u00e9n\u00e9ral du journal en 1998. Directeur g\u00e9n\u00e9ral du groupe en 2004.<\/p>\n\n\n\n<p>Parall\u00e8lement : Vice-pr\u00e9sident du directoire et administrateur de La Voix du Nord, pr\u00e9sident de Nord-Eclair, de Presse-Nord etc.<\/p>\n\n\n\n<p>Depuis son d\u00e9part de la Voix du Nord en 2005, Andr\u00e9 SOLEAU est revenu \u00e0 l\u2019\u00e9criture. \u00ab Gain de folie \u00bb est son cinqui\u00e8me livre et surtout son premier roman.<\/p>\n\n\n\n<p>L\u2019auteur a d\u00e9di\u00e9 son premier roman \u00e0 l\u2019Avesnois dont il est originaire.<\/p>\n\n\n\n<figure class=\"wp-block-image size-full is-resized\"><img loading=\"lazy\" decoding=\"async\" src=\"http:\/\/www.larenaissancefrancaisenordpasdecalais.fr\/wp-content\/uploads\/2023\/01\/soleau2.png\" alt=\"\" class=\"wp-image-643\" width=\"900\" height=\"744\" srcset=\"https:\/\/www.larenaissancefrancaisenordpasdecalais.fr\/wp-content\/uploads\/2023\/01\/soleau2.png 744w, https:\/\/www.larenaissancefrancaisenordpasdecalais.fr\/wp-content\/uploads\/2023\/01\/soleau2-300x248.png 300w\" sizes=\"auto, (max-width: 900px) 100vw, 900px\" \/><\/figure>\n\n\n\n<p><\/p>\n\n\n\n<p class=\"has-medium-font-size\"><strong><a href=\"http:\/\/www.larenaissancefrancaisenordpasdecalais.fr\/wp-content\/uploads\/2023\/01\/20190124dlandresoleau.pdf\">Compte-rendu du d\u00e9jeuner litt\u00e9raire du 24 janvier 2019 avec Andr\u00e9 SOLEAU &#8211; Journaliste, ancien Directeur G\u00e9n\u00e9ral du groupe \u00ab la Voix du&nbsp; Nord \u00bb \u00e0 Marcq en Baroeul. Version PDF<\/a><\/strong><\/p>\n","protected":false},"excerpt":{"rendered":"<p>Notre premier d\u00e9jeuner litt\u00e9raire de l\u2019ann\u00e9e 2019 s\u2019est tenu le jeudi 24 janvier dans les salons du restaurant \u00a0\u00bb Le Petit boulevard\u00a0\u00bb \u00e0 Marcq &#8211; [&#8230;]<\/p>\n","protected":false},"author":3,"featured_media":0,"comment_status":"closed","ping_status":"","sticky":false,"template":"","format":"standard","meta":{"footnotes":""},"categories":[15],"tags":[],"class_list":["post-163","post","type-post","status-publish","format-standard","hentry","category-les-dejeuners-litteraires-de-2015-a-2020"],"_links":{"self":[{"href":"https:\/\/www.larenaissancefrancaisenordpasdecalais.fr\/index.php\/wp-json\/wp\/v2\/posts\/163","targetHints":{"allow":["GET"]}}],"collection":[{"href":"https:\/\/www.larenaissancefrancaisenordpasdecalais.fr\/index.php\/wp-json\/wp\/v2\/posts"}],"about":[{"href":"https:\/\/www.larenaissancefrancaisenordpasdecalais.fr\/index.php\/wp-json\/wp\/v2\/types\/post"}],"author":[{"embeddable":true,"href":"https:\/\/www.larenaissancefrancaisenordpasdecalais.fr\/index.php\/wp-json\/wp\/v2\/users\/3"}],"replies":[{"embeddable":true,"href":"https:\/\/www.larenaissancefrancaisenordpasdecalais.fr\/index.php\/wp-json\/wp\/v2\/comments?post=163"}],"version-history":[{"count":6,"href":"https:\/\/www.larenaissancefrancaisenordpasdecalais.fr\/index.php\/wp-json\/wp\/v2\/posts\/163\/revisions"}],"predecessor-version":[{"id":703,"href":"https:\/\/www.larenaissancefrancaisenordpasdecalais.fr\/index.php\/wp-json\/wp\/v2\/posts\/163\/revisions\/703"}],"wp:attachment":[{"href":"https:\/\/www.larenaissancefrancaisenordpasdecalais.fr\/index.php\/wp-json\/wp\/v2\/media?parent=163"}],"wp:term":[{"taxonomy":"category","embeddable":true,"href":"https:\/\/www.larenaissancefrancaisenordpasdecalais.fr\/index.php\/wp-json\/wp\/v2\/categories?post=163"},{"taxonomy":"post_tag","embeddable":true,"href":"https:\/\/www.larenaissancefrancaisenordpasdecalais.fr\/index.php\/wp-json\/wp\/v2\/tags?post=163"}],"curies":[{"name":"wp","href":"https:\/\/api.w.org\/{rel}","templated":true}]}}