{"id":2121,"date":"2025-06-15T18:16:15","date_gmt":"2025-06-15T16:16:15","guid":{"rendered":"https:\/\/www.larenaissancefrancaisenordpasdecalais.fr\/?p=2121"},"modified":"2025-06-15T18:17:13","modified_gmt":"2025-06-15T16:17:13","slug":"dejeuner-litteraire-avec-madame-dosithee-yeatman-berthelot-jeudi-5-juin-2025-a-lhotel-de-lunivers-a-arras","status":"publish","type":"post","link":"https:\/\/www.larenaissancefrancaisenordpasdecalais.fr\/index.php\/2025\/06\/15\/dejeuner-litteraire-avec-madame-dosithee-yeatman-berthelot-jeudi-5-juin-2025-a-lhotel-de-lunivers-a-arras\/","title":{"rendered":"D\u00e9jeuner litt\u00e9raire avec Madame Dosith\u00e9e Yeatman-Berthelot,  jeudi 5 juin 2025 \u00e0 l\u2019h\u00f4tel de l\u2019Univers \u00e0 Arras"},"content":{"rendered":"\n<p style=\"line-height:1.3\"><em>\u00ab&nbsp;Dans la lecture, l\u2019amiti\u00e9 est soudain ramen\u00e9e \u00e0 sa puret\u00e9 premi\u00e8re. Avec les livres, pas d\u2019amabilit\u00e9. Ces amis-l\u00e0, si nous passons la soir\u00e9e avec eux, c\u2019est vraiment que nous en avons envie. Eux, du moins, nous ne les quittons souvent qu\u2019\u00e0 regret.&nbsp;\u2026L\u2019atmosph\u00e8re de cette pure amiti\u00e9 est le silence\u2026&nbsp;\u00bb&nbsp;<\/em><\/p>\n\n\n\n<p style=\"line-height:1.2\"><em>Marcel Proust,&nbsp;Journ\u00e9es de lecture,&nbsp;&nbsp;1905-1907<\/em><\/p>\n\n\n\n<p style=\"font-size:17px;line-height:1.3\">C\u2019est avec cette citation que notre Pr\u00e9sidente Zoya Arrignon nous accueille et ouvre notre dernier d\u00e9jeuner litt\u00e9raire avant l\u2019\u00e9t\u00e9. Nous avons le plaisir de recevoir Madame Dosith\u00e9e Yeatman-Berthelot qui est venue accompagn\u00e9e de son \u00e9poux.<\/p>\n\n\n\n<div class=\"wp-block-columns is-layout-flex wp-container-core-columns-is-layout-9d6595d7 wp-block-columns-is-layout-flex\">\n<div class=\"wp-block-column is-layout-flow wp-block-column-is-layout-flow\">\n<figure class=\"wp-block-image alignright size-large is-resized\" style=\"margin-top:0;margin-right:0;margin-bottom:0;margin-left:0\"><img loading=\"lazy\" decoding=\"async\" width=\"1024\" height=\"851\" src=\"http:\/\/www.larenaissancefrancaisenordpasdecalais.fr\/wp-content\/uploads\/2025\/06\/Mme-Berthelot-et-Mme-Arrignon-1024x851.jpg\" alt=\"\" class=\"wp-image-2124\" style=\"width:309px;height:auto\" srcset=\"https:\/\/www.larenaissancefrancaisenordpasdecalais.fr\/wp-content\/uploads\/2025\/06\/Mme-Berthelot-et-Mme-Arrignon-1024x851.jpg 1024w, https:\/\/www.larenaissancefrancaisenordpasdecalais.fr\/wp-content\/uploads\/2025\/06\/Mme-Berthelot-et-Mme-Arrignon-300x249.jpg 300w, https:\/\/www.larenaissancefrancaisenordpasdecalais.fr\/wp-content\/uploads\/2025\/06\/Mme-Berthelot-et-Mme-Arrignon-768x638.jpg 768w, https:\/\/www.larenaissancefrancaisenordpasdecalais.fr\/wp-content\/uploads\/2025\/06\/Mme-Berthelot-et-Mme-Arrignon-1536x1276.jpg 1536w, https:\/\/www.larenaissancefrancaisenordpasdecalais.fr\/wp-content\/uploads\/2025\/06\/Mme-Berthelot-et-Mme-Arrignon-2048x1702.jpg 2048w, https:\/\/www.larenaissancefrancaisenordpasdecalais.fr\/wp-content\/uploads\/2025\/06\/Mme-Berthelot-et-Mme-Arrignon-1800x1496.jpg 1800w\" sizes=\"auto, (max-width: 1024px) 100vw, 1024px\" \/><\/figure>\n<\/div>\n\n\n\n<div class=\"wp-block-column is-content-justification-center is-layout-constrained wp-container-core-column-is-layout-753c13d1 wp-block-column-is-layout-constrained\" style=\"padding-top:0px;padding-right:0px;padding-bottom:0px;padding-left:0\">\n<p style=\"font-size:17px;line-height:1.3\">Elle est \u00e9ditrice et ornithologue et membre du conseil d&rsquo;administration de la Soci\u00e9t\u00e9 d&rsquo;Etudes Ornithologiques de France. Elle est l&rsquo;arri\u00e8re arri\u00e8re-petite-fille du c\u00e9l\u00e8bre Gustave Eiffel, celui qui a construit et donn\u00e9 son nom \u00e0 la fameuse tour du Champ de Mars \u00e0 Paris, un des symboles de la France dans le monde. Elle est \u00e9galement membre de l&rsquo;Association des Descendants de Gustave Eiffel (ADGE) cr\u00e9\u00e9e en 1995. Cette association est pr\u00e9sid\u00e9e actuellement par son fils Olivier Berthelot-Eiffel.<\/p>\n<\/div>\n<\/div>\n\n\n\n<div class=\"wp-block-columns is-layout-flex wp-container-core-columns-is-layout-9d6595d7 wp-block-columns-is-layout-flex\">\n<div class=\"wp-block-column is-layout-constrained wp-block-column-is-layout-constrained\" style=\"flex-basis:66.66%\">\n<p style=\"font-size:17px;line-height:1.4\">Aujourd\u2019hui, elle vient nous pr\u00e9senter, les souvenirs de sa grand-m\u00e8re Madeleine Yeatman.<\/p>\n\n\n\n<p style=\"font-size:17px;line-height:1.4\">Il y a quelques ann\u00e9es, elle a pris connaissance avec un grand int\u00e9r\u00eat et un certain amusement, d\u2019une quarantaine de cahiers d\u2019\u00e9colier remplis de l\u2019\u00e9criture si reconnaissable de sa grand-m\u00e8re qu\u2019elle avait bien connue dans son enfance. Elle a ainsi rassembl\u00e9 et publi\u00e9 les souvenirs de sa grand-m\u00e8re aux \u00e9ditions Cyrano en 2019 sous le titre de&nbsp; \u00ab&nbsp;Madeleine Yeatman \u2013 Souvenirs de la Belle Epoque&nbsp;\u00bb.<\/p>\n<\/div>\n\n\n\n<div class=\"wp-block-column is-layout-flow wp-block-column-is-layout-flow\" style=\"flex-basis:33.33%\">\n<figure class=\"wp-block-image size-full is-resized\"><img loading=\"lazy\" decoding=\"async\" width=\"337\" height=\"500\" src=\"http:\/\/www.larenaissancefrancaisenordpasdecalais.fr\/wp-content\/uploads\/2025\/06\/Livre.jpg\" alt=\"\" class=\"wp-image-2126\" style=\"width:162px;height:auto\" srcset=\"https:\/\/www.larenaissancefrancaisenordpasdecalais.fr\/wp-content\/uploads\/2025\/06\/Livre.jpg 337w, https:\/\/www.larenaissancefrancaisenordpasdecalais.fr\/wp-content\/uploads\/2025\/06\/Livre-202x300.jpg 202w\" sizes=\"auto, (max-width: 337px) 100vw, 337px\" \/><\/figure>\n<\/div>\n<\/div>\n\n\n\n<p style=\"font-size:17px;line-height:1.3\">Madeleine Adam \u00e9pouse Yeatman (1873-1955) n\u00e9e \u00e0 Boulogne-sur-Mer dans la famille d\u2019Hippolyte Adam, dirigeant de la banque familiale Adam, maire d\u2019Outreau de 1880 \u00e0 1884, administrateur des chemins de fer et de Marie Perrochaud, ni\u00e8ce de Paul Perrochaud, fondateur de l\u2019h\u00f4pital de Berck.<\/p>\n\n\n\n<p style=\"font-size:17px;line-height:1.3\">Elle passe avec ses s\u0153urs sa jeunesse sur une C\u00f4te d\u2019Opale qu\u2019elle d\u00e9crit avec tendresse, v\u00e9cut tr\u00e8s t\u00f4t les mois d\u2019hiver \u00e0 Paris, fr\u00e9quentant avec ses parents les salons litt\u00e9raires, artistiques et musicaux.de la Belle \u00c9poque, d\u00e9couvrant Anatole France, \u00e9coutant Reynaldo Hahn, rencontrant Renoir, \u00e0 qui il sera demand\u00e9 de faire son portrait (portrait de la couverture du livre). Elle \u00e9pousa, en 1899, L\u00e9on Yeatman, avocat, grand ami de Marcel Proust. Son p\u00e8re est am\u00e9ricain et sa m\u00e8re bourguignonne.<\/p>\n\n\n\n<div class=\"wp-block-columns is-layout-flex wp-container-core-columns-is-layout-9d6595d7 wp-block-columns-is-layout-flex\">\n<div class=\"wp-block-column is-layout-constrained wp-block-column-is-layout-constrained\">\n<figure class=\"wp-block-image aligncenter size-large is-resized\"><img loading=\"lazy\" decoding=\"async\" width=\"1024\" height=\"429\" src=\"http:\/\/www.larenaissancefrancaisenordpasdecalais.fr\/wp-content\/uploads\/2025\/06\/Mme-Yeatman-Berthelot-1024x429.jpg\" alt=\"\" class=\"wp-image-2132\" style=\"width:683px;height:auto\" srcset=\"https:\/\/www.larenaissancefrancaisenordpasdecalais.fr\/wp-content\/uploads\/2025\/06\/Mme-Yeatman-Berthelot-1024x429.jpg 1024w, https:\/\/www.larenaissancefrancaisenordpasdecalais.fr\/wp-content\/uploads\/2025\/06\/Mme-Yeatman-Berthelot-300x126.jpg 300w, https:\/\/www.larenaissancefrancaisenordpasdecalais.fr\/wp-content\/uploads\/2025\/06\/Mme-Yeatman-Berthelot-768x322.jpg 768w, https:\/\/www.larenaissancefrancaisenordpasdecalais.fr\/wp-content\/uploads\/2025\/06\/Mme-Yeatman-Berthelot.jpg 1418w\" sizes=\"auto, (max-width: 1024px) 100vw, 1024px\" \/><\/figure>\n<\/div>\n<\/div>\n\n\n\n<p style=\"font-size:17px;line-height:1.3\">Ensemble ils c\u00f4toient, dans le tourbillon des salons, d\u00eeners, bals et spectacles, le Tout-Paris de cette Belle \u00c9poque, gens du monde, \u00e9crivains, peintres et musiciens c\u00e9l\u00e8bres, certains intimes de ses parents et de son mari. Jacques-\u00c9mile Blanche et Marie Laurencin feront le portrait de leurs enfants.<\/p>\n\n\n\n<p style=\"font-size:17px;line-height:1.3\">Madeleine Yeatman commence \u00e0 \u00e9crire ces cahiers alors qu\u2019approche la seconde guerre mondiale, pour se rem\u00e9morer les ann\u00e9es heureuses de sa vie. Avec dr\u00f4lerie, \u00e0 la fois s\u00e9v\u00e8re et indulgente, elle y brosse les portraits libres et percutants, souvent agr\u00e9ment\u00e9s d\u2019anecdotes amusantes, de ceux et celles qu\u2019elle a c\u00f4toy\u00e9s durant ces ann\u00e9es d\u00e9j\u00e0 lointaines.<\/p>\n\n\n\n<p style=\"font-size:17px;line-height:1.3\">Ces souvenirs restituent le mode de vie, aujourd\u2019hui disparu, d\u2019une soci\u00e9t\u00e9 toujours pr\u00e9sente par ses \u00e9crits, ses \u0153uvres, ses pens\u00e9es et qui n\u2019a pas cess\u00e9 de faire r\u00eaver.<\/p>\n\n\n\n<figure class=\"wp-block-image aligncenter size-large is-resized\"><img loading=\"lazy\" decoding=\"async\" width=\"1024\" height=\"956\" src=\"http:\/\/www.larenaissancefrancaisenordpasdecalais.fr\/wp-content\/uploads\/2025\/06\/Groupe-1024x956.jpg\" alt=\"\" class=\"wp-image-2125\" style=\"width:568px;height:auto\" srcset=\"https:\/\/www.larenaissancefrancaisenordpasdecalais.fr\/wp-content\/uploads\/2025\/06\/Groupe-1024x956.jpg 1024w, https:\/\/www.larenaissancefrancaisenordpasdecalais.fr\/wp-content\/uploads\/2025\/06\/Groupe-300x280.jpg 300w, https:\/\/www.larenaissancefrancaisenordpasdecalais.fr\/wp-content\/uploads\/2025\/06\/Groupe-768x717.jpg 768w, https:\/\/www.larenaissancefrancaisenordpasdecalais.fr\/wp-content\/uploads\/2025\/06\/Groupe-1536x1433.jpg 1536w, https:\/\/www.larenaissancefrancaisenordpasdecalais.fr\/wp-content\/uploads\/2025\/06\/Groupe-2048x1911.jpg 2048w, https:\/\/www.larenaissancefrancaisenordpasdecalais.fr\/wp-content\/uploads\/2025\/06\/Groupe-1800x1680.jpg 1800w\" sizes=\"auto, (max-width: 1024px) 100vw, 1024px\" \/><\/figure>\n","protected":false},"excerpt":{"rendered":"<p>\u00ab&nbsp;Dans la lecture, l\u2019amiti\u00e9 est soudain ramen\u00e9e \u00e0 sa puret\u00e9 premi\u00e8re. Avec les livres, pas d\u2019amabilit\u00e9. Ces amis-l\u00e0, si nous passons la soir\u00e9e avec eux, [&#8230;]<\/p>\n","protected":false},"author":6,"featured_media":0,"comment_status":"closed","ping_status":"","sticky":false,"template":"","format":"standard","meta":{"footnotes":""},"categories":[1,40],"tags":[],"class_list":["post-2121","post","type-post","status-publish","format-standard","hentry","category-non-classe","category-les-dejeuners-litteraires-en-2025"],"_links":{"self":[{"href":"https:\/\/www.larenaissancefrancaisenordpasdecalais.fr\/index.php\/wp-json\/wp\/v2\/posts\/2121","targetHints":{"allow":["GET"]}}],"collection":[{"href":"https:\/\/www.larenaissancefrancaisenordpasdecalais.fr\/index.php\/wp-json\/wp\/v2\/posts"}],"about":[{"href":"https:\/\/www.larenaissancefrancaisenordpasdecalais.fr\/index.php\/wp-json\/wp\/v2\/types\/post"}],"author":[{"embeddable":true,"href":"https:\/\/www.larenaissancefrancaisenordpasdecalais.fr\/index.php\/wp-json\/wp\/v2\/users\/6"}],"replies":[{"embeddable":true,"href":"https:\/\/www.larenaissancefrancaisenordpasdecalais.fr\/index.php\/wp-json\/wp\/v2\/comments?post=2121"}],"version-history":[{"count":14,"href":"https:\/\/www.larenaissancefrancaisenordpasdecalais.fr\/index.php\/wp-json\/wp\/v2\/posts\/2121\/revisions"}],"predecessor-version":[{"id":2141,"href":"https:\/\/www.larenaissancefrancaisenordpasdecalais.fr\/index.php\/wp-json\/wp\/v2\/posts\/2121\/revisions\/2141"}],"wp:attachment":[{"href":"https:\/\/www.larenaissancefrancaisenordpasdecalais.fr\/index.php\/wp-json\/wp\/v2\/media?parent=2121"}],"wp:term":[{"taxonomy":"category","embeddable":true,"href":"https:\/\/www.larenaissancefrancaisenordpasdecalais.fr\/index.php\/wp-json\/wp\/v2\/categories?post=2121"},{"taxonomy":"post_tag","embeddable":true,"href":"https:\/\/www.larenaissancefrancaisenordpasdecalais.fr\/index.php\/wp-json\/wp\/v2\/tags?post=2121"}],"curies":[{"name":"wp","href":"https:\/\/api.w.org\/{rel}","templated":true}]}}