{"id":2212,"date":"2025-10-06T19:28:24","date_gmt":"2025-10-06T17:28:24","guid":{"rendered":"https:\/\/www.larenaissancefrancaisenordpasdecalais.fr\/?p=2212"},"modified":"2025-10-15T15:43:51","modified_gmt":"2025-10-15T13:43:51","slug":"dejeuner-litteraire-avec-erwan-barillot-le-jeudi-25-septembre-2025-au-manoir-a-marcq-en-baroeul","status":"publish","type":"post","link":"https:\/\/www.larenaissancefrancaisenordpasdecalais.fr\/index.php\/2025\/10\/06\/dejeuner-litteraire-avec-erwan-barillot-le-jeudi-25-septembre-2025-au-manoir-a-marcq-en-baroeul\/","title":{"rendered":"D\u00e9jeuner litt\u00e9raire avec Erwan Barillot, le jeudi 25 septembre 2025, au Manoir \u00e0 Marcq-en-Bar\u0153ul"},"content":{"rendered":"\n<div class=\"wp-block-columns is-layout-flex wp-container-core-columns-is-layout-9d6595d7 wp-block-columns-is-layout-flex\">\n<div class=\"wp-block-column is-layout-flow wp-block-column-is-layout-flow\" style=\"flex-basis:33.33%\">\n<figure class=\"wp-block-image aligncenter size-large\" style=\"margin-top:0;margin-right:0;margin-bottom:0;margin-left:0\"><img loading=\"lazy\" decoding=\"async\" width=\"721\" height=\"1024\" src=\"https:\/\/www.larenaissancefrancaisenordpasdecalais.fr\/wp-content\/uploads\/2025\/10\/Erwan-Barillot-et-Zoya-Arrignon-721x1024.jpg\" alt=\"\" class=\"wp-image-2213\" srcset=\"https:\/\/www.larenaissancefrancaisenordpasdecalais.fr\/wp-content\/uploads\/2025\/10\/Erwan-Barillot-et-Zoya-Arrignon-721x1024.jpg 721w, https:\/\/www.larenaissancefrancaisenordpasdecalais.fr\/wp-content\/uploads\/2025\/10\/Erwan-Barillot-et-Zoya-Arrignon-211x300.jpg 211w, https:\/\/www.larenaissancefrancaisenordpasdecalais.fr\/wp-content\/uploads\/2025\/10\/Erwan-Barillot-et-Zoya-Arrignon-768x1091.jpg 768w, https:\/\/www.larenaissancefrancaisenordpasdecalais.fr\/wp-content\/uploads\/2025\/10\/Erwan-Barillot-et-Zoya-Arrignon-1081x1536.jpg 1081w, https:\/\/www.larenaissancefrancaisenordpasdecalais.fr\/wp-content\/uploads\/2025\/10\/Erwan-Barillot-et-Zoya-Arrignon-1442x2048.jpg 1442w, https:\/\/www.larenaissancefrancaisenordpasdecalais.fr\/wp-content\/uploads\/2025\/10\/Erwan-Barillot-et-Zoya-Arrignon-1800x2556.jpg 1800w, https:\/\/www.larenaissancefrancaisenordpasdecalais.fr\/wp-content\/uploads\/2025\/10\/Erwan-Barillot-et-Zoya-Arrignon-scaled.jpg 1802w\" sizes=\"auto, (max-width: 721px) 100vw, 721px\" \/><\/figure>\n<\/div>\n\n\n\n<div class=\"wp-block-column is-content-justification-left is-layout-constrained wp-container-core-column-is-layout-941b4f9c wp-block-column-is-layout-constrained\" style=\"padding-right:0;padding-left:0;flex-basis:80%\">\n<p style=\"font-size:18px;line-height:1.3\">L&rsquo;invit\u00e9 de notre d\u00e9jeuner litt\u00e9raire d\u2019automne \u00e0 Marcq-en-Baroeul est Erwan Barillot, \u00e9crivain et journaliste.<\/p>\n\n\n\n<p class=\"has-text-align-left\" style=\"font-size:18px;line-height:1.3\">En 2024, le Conservatoire Rachmaninoff a f\u00eat\u00e9 son 100i\u00e8me anniversaire. C\u2019est pour cette occasion qu\u2019Erwan Barillot a co\u00e9crit avec Arnaud Frilley, actuel directeur du Conservatoire, ce livre \u00ab Destins russes \u00e0 Paris \u2013 Un si\u00e8cle au Conservatoire Rachmaninoff 1924-2024 \u00bb qu\u2019il vient nous pr\u00e9senter.<\/p>\n\n\n\n<p class=\"has-text-align-left\" style=\"font-size:18px;line-height:1.3\">Ce livre a re\u00e7u le prix Consuelo 2025 de l\u2019Acad\u00e9mie fran\u00e7aise, ce prix cr\u00e9\u00e9 en 2025 est destin\u00e9 \u00e0 r\u00e9compenser annuellement un ouvrage consacr\u00e9 \u00e0 la musique classique.<\/p>\n<\/div>\n<\/div>\n\n\n\n<p style=\"font-size:18px;line-height:1.3\">Le Conservatoire Rachmaninoff se situe au 26 avenue de New York, dans le 16\u00e8me arrondissement de Paris.<\/p>\n\n\n\n<p style=\"font-size:18px;line-height:1.3\">C\u2019est en 2020, qu\u2019Arnaud Frilley, petit fils d\u2019\u00e9migr\u00e9s russes, prend la direction du Conservatoire avec une nouvelle \u00e9quipe. D\u2019importants travaux doivent \u00eatre engag\u00e9s tr\u00e8s rapidement, pour sauver le lieu. Et c\u2019est ainsi qu\u2019en vidant les locaux du conservatoire, dans les placards et dans les combles poussi\u00e9reux sont d\u00e9couvertes de nombreuses archives.<\/p>\n\n\n\n<p style=\"font-size:18px;line-height:1.3\">Des milliers de documents et plus de 20 000 partitions, certaines manuscrites, des photos d\u00e9dicac\u00e9es, des lettres, des programmes, des affiches de spectacles, mais aussi, livres des comptes et comptes rendus des r\u00e9unions\u2026\u2026. Un tr\u00e9sor exhum\u00e9.<\/p>\n\n\n\n<p style=\"font-size:18px;line-height:1.3\">Et c&rsquo;est \u00e0 Erwan qu\u2019a \u00e9t\u00e9 confi\u00e9e la t\u00e2che de redonner vie \u00e0 l\u2019histoire du Conservatoire aux travers de ces archives en collaboration avec Arnaud Frilley.<\/p>\n\n\n\n<div class=\"wp-block-columns is-layout-flex wp-container-core-columns-is-layout-ed5226f6 wp-block-columns-is-layout-flex\" style=\"padding-right:0;padding-left:0\">\n<div class=\"wp-block-column is-layout-flow wp-block-column-is-layout-flow\">\n<p style=\"font-size:18px;line-height:1.3\"><\/p>\n\n\n\n<p style=\"font-size:18px;line-height:1.3\">Cet ouvrage richement illustr\u00e9, retrace l\u2019histoire du Conservatoire fond\u00e9 en 1924 sous forme associative \u00ab la Soci\u00e9t\u00e9 Musicale Russe \u00e0 l\u2019\u00e9tranger \u00bb (SMRE) par des grands ma\u00eetres et des professeurs des conservatoires imp\u00e9riaux de Russie, ayant fui, avec leur famille, le r\u00e9gime bolch\u00e9vique. Il donne \u00e9galement un aper\u00e7u tr\u00e8s \u00e9mouvant sur toute une communaut\u00e9 install\u00e9e \u00e0 Paris.<\/p>\n<\/div>\n\n\n\n<div class=\"wp-block-column is-layout-flow wp-block-column-is-layout-flow\">\n<figure class=\"wp-block-image size-full\"><img loading=\"lazy\" decoding=\"async\" width=\"499\" height=\"348\" src=\"http:\/\/www.larenaissancefrancaisenordpasdecalais.fr\/wp-content\/uploads\/2025\/10\/E.-Barillot.jpg\" alt=\"\" class=\"wp-image-2215\" srcset=\"https:\/\/www.larenaissancefrancaisenordpasdecalais.fr\/wp-content\/uploads\/2025\/10\/E.-Barillot.jpg 499w, https:\/\/www.larenaissancefrancaisenordpasdecalais.fr\/wp-content\/uploads\/2025\/10\/E.-Barillot-300x209.jpg 300w\" sizes=\"auto, (max-width: 499px) 100vw, 499px\" \/><\/figure>\n<\/div>\n<\/div>\n\n\n\n<div class=\"wp-block-columns is-layout-flex wp-container-core-columns-is-layout-ed5226f6 wp-block-columns-is-layout-flex\" style=\"padding-right:0;padding-left:0\">\n<div class=\"wp-block-column is-layout-flow wp-block-column-is-layout-flow\">\n<p style=\"padding-top:0;padding-right:0;padding-bottom:0;padding-left:0;font-size:18px;line-height:1.3\">Le livre explore les moments marquants de son existence, tels que sa fondation, les concerts m\u00e9morables et les moments partag\u00e9s par la communaut\u00e9 russe. Serge Rachmaninoff, Serge Prokofieff, Fiodor Chaliapine ou Serge Lifar, entre autres, tous ces grands noms ont imprim\u00e9 de leur personnalit\u00e9 et leur enseignement l\u2019histoire de ce lieu. Avec de nombreux anonymes, ils ont ainsi pu surmonter l\u2019\u00e9preuve du d\u00e9racinement et les difficult\u00e9s de la vie.<\/p>\n\n\n\n<p style=\"padding-top:0;padding-right:0;padding-bottom:0;padding-left:0;font-size:18px;line-height:1.3\">Au fil du temps, cette institution, qui a pris le nom du c\u00e9l\u00e8bre compositeur Serge Rachmaninoff en 1953, est devenue bien plus qu\u2019un simple conservatoire : un centre culturel des Russes en exil en m\u00eame temps qu\u2019un lieu d\u2019accueil v\u00e9ritablement f\u00e9d\u00e9rateur et embl\u00e9matique de la capitale.<\/p>\n\n\n\n<p style=\"padding-top:0;padding-right:0;padding-bottom:0;padding-left:0;font-size:18px;line-height:1.3\">Ce lieu a, plusieurs fois, connu des probl\u00e8mes financiers et 1986 Jacques Chirac, Maire de Paris, fera acheter par la ville le b\u00e2timent du Conservatoire pour qu\u2019il n\u2019en soit pas expuls\u00e9.<\/p>\n\n\n\n<p style=\"padding-top:0;padding-right:0;padding-bottom:0;padding-left:0;font-size:18px;line-height:1.3\">Un si\u00e8cle plus tard, le Conservatoire russe, gr\u00e2ce \u00e0 son nouveau directeur, reste un lieu vivant (40 professeurs et 400 \u00e9l\u00e8ves du monde entier) o\u00f9 des cours de musique, de chant et de danse sont dispens\u00e9s et qui accueille des rencontres musicales, litt\u00e9raires et artistiques.<\/p>\n\n\n\n<p style=\"padding-top:0;padding-right:0;padding-bottom:0;padding-left:0;font-size:18px;line-height:1.3\">Erwan Barillot en anime les salons litt\u00e9raires.<\/p>\n\n\n\n<div class=\"wp-block-columns is-layout-flex wp-container-core-columns-is-layout-9d6595d7 wp-block-columns-is-layout-flex\">\n<div class=\"wp-block-column is-layout-flow wp-block-column-is-layout-flow\">\n<div class=\"wp-block-columns is-layout-flex wp-container-core-columns-is-layout-9d6595d7 wp-block-columns-is-layout-flex\">\n<div class=\"wp-block-column is-layout-flow wp-block-column-is-layout-flow\" style=\"padding-top:0;padding-right:var(--wp--preset--spacing--50);padding-bottom:0;padding-left:var(--wp--preset--spacing--50)\">\n<figure class=\"wp-block-image aligncenter size-large is-resized\"><img loading=\"lazy\" decoding=\"async\" width=\"1024\" height=\"725\" src=\"https:\/\/www.larenaissancefrancaisenordpasdecalais.fr\/wp-content\/uploads\/2025\/10\/Dedicace-1024x725.jpg\" alt=\"\" class=\"wp-image-2216\" style=\"width:427px;height:auto\" srcset=\"https:\/\/www.larenaissancefrancaisenordpasdecalais.fr\/wp-content\/uploads\/2025\/10\/Dedicace-1024x725.jpg 1024w, https:\/\/www.larenaissancefrancaisenordpasdecalais.fr\/wp-content\/uploads\/2025\/10\/Dedicace-300x212.jpg 300w, https:\/\/www.larenaissancefrancaisenordpasdecalais.fr\/wp-content\/uploads\/2025\/10\/Dedicace-768x544.jpg 768w, https:\/\/www.larenaissancefrancaisenordpasdecalais.fr\/wp-content\/uploads\/2025\/10\/Dedicace-1536x1088.jpg 1536w, https:\/\/www.larenaissancefrancaisenordpasdecalais.fr\/wp-content\/uploads\/2025\/10\/Dedicace-2048x1450.jpg 2048w, https:\/\/www.larenaissancefrancaisenordpasdecalais.fr\/wp-content\/uploads\/2025\/10\/Dedicace-1800x1275.jpg 1800w\" sizes=\"auto, (max-width: 1024px) 100vw, 1024px\" \/><\/figure>\n\n\n\n<figure class=\"wp-block-image size-large\" style=\"margin-right:var(--wp--preset--spacing--80);margin-left:var(--wp--preset--spacing--80)\"><img loading=\"lazy\" decoding=\"async\" width=\"1024\" height=\"770\" src=\"https:\/\/www.larenaissancefrancaisenordpasdecalais.fr\/wp-content\/uploads\/2025\/10\/Groupe-RF-1024x770.jpg\" alt=\"\" class=\"wp-image-2217\" srcset=\"https:\/\/www.larenaissancefrancaisenordpasdecalais.fr\/wp-content\/uploads\/2025\/10\/Groupe-RF-1024x770.jpg 1024w, https:\/\/www.larenaissancefrancaisenordpasdecalais.fr\/wp-content\/uploads\/2025\/10\/Groupe-RF-300x226.jpg 300w, https:\/\/www.larenaissancefrancaisenordpasdecalais.fr\/wp-content\/uploads\/2025\/10\/Groupe-RF-768x577.jpg 768w, https:\/\/www.larenaissancefrancaisenordpasdecalais.fr\/wp-content\/uploads\/2025\/10\/Groupe-RF-1536x1155.jpg 1536w, https:\/\/www.larenaissancefrancaisenordpasdecalais.fr\/wp-content\/uploads\/2025\/10\/Groupe-RF-2048x1540.jpg 2048w, https:\/\/www.larenaissancefrancaisenordpasdecalais.fr\/wp-content\/uploads\/2025\/10\/Groupe-RF-1800x1354.jpg 1800w\" sizes=\"auto, (max-width: 1024px) 100vw, 1024px\" \/><\/figure>\n<\/div>\n<\/div>\n<\/div>\n<\/div>\n\n\n\n<div class=\"wp-block-columns is-layout-flex wp-container-core-columns-is-layout-9d6595d7 wp-block-columns-is-layout-flex\">\n<div class=\"wp-block-column is-layout-flow wp-block-column-is-layout-flow\">\n<div class=\"wp-block-columns is-layout-flex wp-container-core-columns-is-layout-9d6595d7 wp-block-columns-is-layout-flex\">\n<div class=\"wp-block-column is-layout-flow wp-block-column-is-layout-flow\"><\/div>\n<\/div>\n<\/div>\n<\/div>\n\n\n\n<div class=\"wp-block-columns is-layout-flex wp-container-core-columns-is-layout-9d6595d7 wp-block-columns-is-layout-flex\">\n<div class=\"wp-block-column is-layout-flow wp-block-column-is-layout-flow\"><\/div>\n<\/div>\n<\/div>\n<\/div>\n\n\n\n<p><\/p>\n","protected":false},"excerpt":{"rendered":"<p>L&rsquo;invit\u00e9 de notre d\u00e9jeuner litt\u00e9raire d\u2019automne \u00e0 Marcq-en-Baroeul est Erwan Barillot, \u00e9crivain et journaliste. En 2024, le Conservatoire Rachmaninoff a f\u00eat\u00e9 son 100i\u00e8me anniversaire. C\u2019est [&#8230;]<\/p>\n","protected":false},"author":6,"featured_media":0,"comment_status":"closed","ping_status":"","sticky":false,"template":"","format":"standard","meta":{"footnotes":""},"categories":[1,40],"tags":[],"class_list":["post-2212","post","type-post","status-publish","format-standard","hentry","category-non-classe","category-les-dejeuners-litteraires-en-2025"],"_links":{"self":[{"href":"https:\/\/www.larenaissancefrancaisenordpasdecalais.fr\/index.php\/wp-json\/wp\/v2\/posts\/2212","targetHints":{"allow":["GET"]}}],"collection":[{"href":"https:\/\/www.larenaissancefrancaisenordpasdecalais.fr\/index.php\/wp-json\/wp\/v2\/posts"}],"about":[{"href":"https:\/\/www.larenaissancefrancaisenordpasdecalais.fr\/index.php\/wp-json\/wp\/v2\/types\/post"}],"author":[{"embeddable":true,"href":"https:\/\/www.larenaissancefrancaisenordpasdecalais.fr\/index.php\/wp-json\/wp\/v2\/users\/6"}],"replies":[{"embeddable":true,"href":"https:\/\/www.larenaissancefrancaisenordpasdecalais.fr\/index.php\/wp-json\/wp\/v2\/comments?post=2212"}],"version-history":[{"count":10,"href":"https:\/\/www.larenaissancefrancaisenordpasdecalais.fr\/index.php\/wp-json\/wp\/v2\/posts\/2212\/revisions"}],"predecessor-version":[{"id":2226,"href":"https:\/\/www.larenaissancefrancaisenordpasdecalais.fr\/index.php\/wp-json\/wp\/v2\/posts\/2212\/revisions\/2226"}],"wp:attachment":[{"href":"https:\/\/www.larenaissancefrancaisenordpasdecalais.fr\/index.php\/wp-json\/wp\/v2\/media?parent=2212"}],"wp:term":[{"taxonomy":"category","embeddable":true,"href":"https:\/\/www.larenaissancefrancaisenordpasdecalais.fr\/index.php\/wp-json\/wp\/v2\/categories?post=2212"},{"taxonomy":"post_tag","embeddable":true,"href":"https:\/\/www.larenaissancefrancaisenordpasdecalais.fr\/index.php\/wp-json\/wp\/v2\/tags?post=2212"}],"curies":[{"name":"wp","href":"https:\/\/api.w.org\/{rel}","templated":true}]}}