{"id":2659,"date":"2026-04-27T22:15:36","date_gmt":"2026-04-27T20:15:36","guid":{"rendered":"https:\/\/www.larenaissancefrancaisenordpasdecalais.fr\/?p=2659"},"modified":"2026-04-27T22:15:36","modified_gmt":"2026-04-27T20:15:36","slug":"dejeuner-litteraire-avec-michel-bernard-le-jeudi-16-avril-a-lhotel-de-lunivers-a-arras","status":"publish","type":"post","link":"https:\/\/www.larenaissancefrancaisenordpasdecalais.fr\/index.php\/2026\/04\/27\/dejeuner-litteraire-avec-michel-bernard-le-jeudi-16-avril-a-lhotel-de-lunivers-a-arras\/","title":{"rendered":"D\u00e9jeuner litt\u00e9raire avec Michel Bernard, le jeudi 16 avril \u00e0 l&rsquo;h\u00f4tel de l&rsquo;Univers \u00e0 Arras"},"content":{"rendered":"\n<p style=\"font-size:19px;line-height:1.1\">L\u2019ann\u00e9e 2026 est marqu\u00e9e par le 15<sup>\u00e8me<\/sup> anniversaire de nos d\u00e9jeuners litt\u00e9raires que nous avons cr\u00e9\u00e9 avec le Professeur Jean-Pierre Arrignon en 2011. Ce premier d\u00e9jeuner avait eu lieu, d\u00e9j\u00e0, \u00e0 l\u2019h\u00f4tel de l\u2019Univers, le 17 mars 2011. Nous avions re\u00e7u Alain Bournazel venu nous pr\u00e9senter son remarquable ouvrage&nbsp;: <em>\u00ab&nbsp;Jeanne d\u2019Arc&nbsp;: 1412-1431, une passion fran\u00e7aise&nbsp;\u00bb.<\/em><\/p>\n\n\n\n<p style=\"font-size:19px;line-height:1.1\">C\u2019est \u00e9galement le 15<sup>\u00e8me<\/sup> anniversaire de notre partenariat avec la Grand librairie d\u2019Arras. Nous accueillons son directeur Arnaud Derville.<\/p>\n\n\n\n<p style=\"font-size:19px;line-height:1.1\">Ce d\u00e9jeuner litt\u00e9raire est organis\u00e9 en partenariat avec l\u2019association les Amis du Mus\u00e9e d\u2019Arras dont la Pr\u00e9sidente est Pascale de Loriol, \u00e9galement secr\u00e9taire de notre d\u00e9l\u00e9gation.<\/p>\n\n\n\n<p style=\"font-size:19px;line-height:1.1\">Nous remercions de sa pr\u00e9sence Mme V\u00e9ronique Beirnaert-Mary, directrice du P\u00f4le Culturel Saint-Vaast et Conservatrice du Mus\u00e9e des Beaux-Arts d\u2019Arras.<\/p>\n\n\n\n<p style=\"font-size:19px;line-height:1.1\">Dans le cadre du 100<sup>i\u00e8me<\/sup> anniversaire de la disparition de Claude Monet, nous recevons Michel Bernard, haut fonctionnaire fran\u00e7ais, dipl\u00f4m\u00e9 de l\u2019ENA, \u00e9galement \u00e9crivain, grand Prix de litt\u00e9rature de l\u2019Acad\u00e9mie fran\u00e7aise 2025 pour l\u2019ensemble de son \u0153uvre, auteur de \u00ab&nbsp;Deux remords de Claude Monet&nbsp;\u00bb Edition de la Table Ronde.<\/p>\n\n\n\n<div class=\"wp-block-columns is-layout-flex wp-container-core-columns-is-layout-9d6595d7 wp-block-columns-is-layout-flex\">\n<div class=\"wp-block-column is-layout-flow wp-block-column-is-layout-flow\" style=\"flex-basis:33.33%\">\n<figure class=\"wp-block-image aligncenter size-large is-resized\"><img loading=\"lazy\" decoding=\"async\" width=\"992\" height=\"1024\" src=\"http:\/\/www.larenaissancefrancaisenordpasdecalais.fr\/wp-content\/uploads\/2026\/04\/M.-Bernard-2-992x1024.jpg\" alt=\"\" class=\"wp-image-2661\" style=\"aspect-ratio:0.9687548820496797;object-fit:cover;width:231px;height:auto\" srcset=\"https:\/\/www.larenaissancefrancaisenordpasdecalais.fr\/wp-content\/uploads\/2026\/04\/M.-Bernard-2-992x1024.jpg 992w, https:\/\/www.larenaissancefrancaisenordpasdecalais.fr\/wp-content\/uploads\/2026\/04\/M.-Bernard-2-290x300.jpg 290w, https:\/\/www.larenaissancefrancaisenordpasdecalais.fr\/wp-content\/uploads\/2026\/04\/M.-Bernard-2-768x793.jpg 768w, https:\/\/www.larenaissancefrancaisenordpasdecalais.fr\/wp-content\/uploads\/2026\/04\/M.-Bernard-2-1487x1536.jpg 1487w, https:\/\/www.larenaissancefrancaisenordpasdecalais.fr\/wp-content\/uploads\/2026\/04\/M.-Bernard-2-1983x2048.jpg 1983w, https:\/\/www.larenaissancefrancaisenordpasdecalais.fr\/wp-content\/uploads\/2026\/04\/M.-Bernard-2-1800x1859.jpg 1800w\" sizes=\"auto, (max-width: 992px) 100vw, 992px\" \/><\/figure>\n<\/div>\n\n\n\n<div class=\"wp-block-column is-layout-flow wp-block-column-is-layout-flow\" style=\"flex-basis:80%\">\n<p><\/p>\n\n\n\n<p style=\"font-size:19px;line-height:1.1\">Dans ce roman, Michel Bernard nous raconte l\u2019histoire d\u2019un amour et d\u2019une mort qui hanteront Claude Monet toute sa vie.<\/p>\n\n\n\n<p style=\"font-size:19px;line-height:1.1\">Il saisit Monet dans sa globalit\u00e9 : la passion pour la peinture se confond chez lui avec l\u2019amour pour Camille et pour le monde qui l\u2019entoure.                      Claude Monet r\u00e9alise la majeure partie de son \u0153uvre, le c\u0153ur lourd, de deux disparus : Camille, sa femme et le peintre Fr\u00e9d\u00e9ric Bazille, son ami. Est-ce les disparitions des \u00eatres chers qui \u00e9veillent les remords de ne pas les avoir sauv\u00e9s&nbsp;?<\/p>\n<\/div>\n<\/div>\n\n\n\n<div class=\"wp-block-columns is-layout-flex wp-container-core-columns-is-layout-9d6595d7 wp-block-columns-is-layout-flex\">\n<div class=\"wp-block-column is-layout-flow wp-block-column-is-layout-flow\">\n<p style=\"font-size:19px;line-height:1.1\">Michel Bernard fait la distinction entre l\u2019homme et le peintre. Nous d\u00e9couvrons, Claude Monet, esth\u00e8te de la vie quotidienne, ma\u00eetre en savoir vivre avec ce qui est bon et beau, aussi bien dans la cuisine que dans la d\u00e9coration et le jardin.<\/p>\n\n\n\n<p style=\"font-size:19px;line-height:1.1\">D\u2019abord \u00e0 Argenteuil, install\u00e9 dans une maison avec son \u00e9pouse et son premier enfant, il va apprendre le jardinage, qui deviendra une passion.<\/p>\n\n\n\n<p style=\"font-size:19px;line-height:1.1\">A Giverny, lou\u00e9e puis achet\u00e9e, cette maison, Claude Monet va l\u2019agrandir, augmenter le jardin et faire creuser un \u00e9tang et y installer un pont japonais. Il se montre tr\u00e8s exigeant et perfectionniste avec son jardin, une dizaine de jardiniers travailleront \u00e0 son service.<\/p>\n\n\n\n<p style=\"font-size:19px;line-height:1.1\">Des parterres fleuris jusqu&rsquo;au jardin d&rsquo;eau coiff\u00e9 de nymph\u00e9as, Claude Monet se construisit, au fil de sa vie \u00e0 Giverny, une palette \u00e0 ciel ouvert. Un \u00e9crin impressionniste qui devint, \u00e0 la fin de sa vie, l\u2019unique source de son inspiration&#8230;<\/p>\n\n\n\n<p style=\"font-size:19px;line-height:1.1\">La vente de ses peintures lui permettait de financer les am\u00e9nagements de sa maison et de son jardin. Il dira \u00ab&nbsp;Ma plus grande \u0153uvre est mon jardin&nbsp;\u00bb.<\/p>\n\n\n\n<p style=\"font-size:19px;line-height:1.1\">Claude Monet et Georges Cl\u00e9menceau \u00e9taient amis, celui-ci aimait le jardinage et lui demandait quelquefois des conseils.<\/p>\n\n\n\n<p style=\"font-size:19px;line-height:1.1\">Lorsque Claude Monet fait don \u00e0 l\u2019\u00c9tat de ses Nymph\u00e9as, il impose, sans explication, que l\u2019\u00c9tat ach\u00e8te en \u00e9change son tableau \u00ab&nbsp;Femmes au jardin&nbsp;\u00bb, peint soixante ans plus t\u00f4t, pourquoi&nbsp;?<\/p>\n\n\n\n<p style=\"font-size:19px;line-height:1.1\">Pour clore son intervention, Michel Bernard nous lit un passage de son livre<\/p>\n\n\n\n<div class=\"wp-block-columns is-layout-flex wp-container-core-columns-is-layout-9d6595d7 wp-block-columns-is-layout-flex\">\n<div class=\"wp-block-column is-layout-flow wp-block-column-is-layout-flow\" style=\"flex-basis:33.33%\">\n<figure class=\"wp-block-image aligncenter size-full is-resized\"><img loading=\"lazy\" decoding=\"async\" width=\"803\" height=\"897\" src=\"http:\/\/www.larenaissancefrancaisenordpasdecalais.fr\/wp-content\/uploads\/2026\/04\/M.-Bernard-.jpg\" alt=\"\" class=\"wp-image-2662\" style=\"aspect-ratio:0.8952358036573629;width:231px;height:auto\" srcset=\"https:\/\/www.larenaissancefrancaisenordpasdecalais.fr\/wp-content\/uploads\/2026\/04\/M.-Bernard-.jpg 803w, https:\/\/www.larenaissancefrancaisenordpasdecalais.fr\/wp-content\/uploads\/2026\/04\/M.-Bernard--269x300.jpg 269w, https:\/\/www.larenaissancefrancaisenordpasdecalais.fr\/wp-content\/uploads\/2026\/04\/M.-Bernard--768x858.jpg 768w\" sizes=\"auto, (max-width: 803px) 100vw, 803px\" \/><\/figure>\n<\/div>\n\n\n\n<div class=\"wp-block-column is-layout-flow wp-block-column-is-layout-flow\" style=\"flex-basis:80%\">\n<p style=\"font-size:19px;line-height:1.2\">\u00ab&nbsp; \u2026. A l\u2019arriv\u00e9e du printemps, apr\u00e8s le rude hiver de leur installation \u00e0 Argenteuil, Monet passa de plus en plus de temps dans le jardin. D\u00e8s le r\u00e9veil, il \u00e9tait attir\u00e9 vers les fen\u00eatres qui donnaient sur le temps et le ciel\u2026. Chauss\u00e9 de l\u00e9gers sabots de rentier, v\u00eatu d\u2019une veste us\u00e9e, aux poches d\u00e9form\u00e9es par un s\u00e9cateur, une serpette et des bouts de ficelle, coiff\u00e9 d\u2019un chapeau informe, il allait fureter dans les massifs\u2026. Au jardin, comme devant la toile \u00e0 peindre, il perdait la sensation de l\u2019\u00e9coulement du temps et la notion de la dur\u00e9e\u2026.&nbsp;\u00bb<\/p>\n<\/div>\n<\/div>\n<\/div>\n<\/div>\n\n\n\n<p style=\"font-size:19px;line-height:1.2\">Le dernier livre de Michel Bernard \u00ab&nbsp;L\u2019automne d\u2019Andr\u00e9 Derain&nbsp;\u00bb vient de sortir aux Editions Les Belles Lettres 2026.<\/p>\n\n\n\n<figure class=\"wp-block-image aligncenter size-full\"><img loading=\"lazy\" decoding=\"async\" width=\"836\" height=\"393\" src=\"http:\/\/www.larenaissancefrancaisenordpasdecalais.fr\/wp-content\/uploads\/2026\/04\/groupe.jpg\" alt=\"\" class=\"wp-image-2663\" srcset=\"https:\/\/www.larenaissancefrancaisenordpasdecalais.fr\/wp-content\/uploads\/2026\/04\/groupe.jpg 836w, https:\/\/www.larenaissancefrancaisenordpasdecalais.fr\/wp-content\/uploads\/2026\/04\/groupe-300x141.jpg 300w, https:\/\/www.larenaissancefrancaisenordpasdecalais.fr\/wp-content\/uploads\/2026\/04\/groupe-768x361.jpg 768w\" sizes=\"auto, (max-width: 836px) 100vw, 836px\" \/><\/figure>\n\n\n\n<div class=\"wp-block-columns is-layout-flex wp-container-core-columns-is-layout-9d6595d7 wp-block-columns-is-layout-flex\">\n<div class=\"wp-block-column is-layout-flow wp-block-column-is-layout-flow\" style=\"flex-basis:33.33%\">\n<div class=\"wp-block-columns is-layout-flex wp-container-core-columns-is-layout-9d6595d7 wp-block-columns-is-layout-flex\">\n<div class=\"wp-block-column is-layout-flow wp-block-column-is-layout-flow\"><\/div>\n<\/div>\n<\/div>\n<\/div>\n\n\n\n<p><\/p>\n\n\n\n<p><\/p>\n","protected":false},"excerpt":{"rendered":"<p>L\u2019ann\u00e9e 2026 est marqu\u00e9e par le 15\u00e8me anniversaire de nos d\u00e9jeuners litt\u00e9raires que nous avons cr\u00e9\u00e9 avec le Professeur Jean-Pierre Arrignon en 2011. Ce premier [&#8230;]<\/p>\n","protected":false},"author":6,"featured_media":0,"comment_status":"closed","ping_status":"","sticky":false,"template":"","format":"standard","meta":{"footnotes":""},"categories":[1,48],"tags":[],"class_list":["post-2659","post","type-post","status-publish","format-standard","hentry","category-non-classe","category-les-dejeuners-litteraires-en-2026"],"_links":{"self":[{"href":"https:\/\/www.larenaissancefrancaisenordpasdecalais.fr\/index.php\/wp-json\/wp\/v2\/posts\/2659","targetHints":{"allow":["GET"]}}],"collection":[{"href":"https:\/\/www.larenaissancefrancaisenordpasdecalais.fr\/index.php\/wp-json\/wp\/v2\/posts"}],"about":[{"href":"https:\/\/www.larenaissancefrancaisenordpasdecalais.fr\/index.php\/wp-json\/wp\/v2\/types\/post"}],"author":[{"embeddable":true,"href":"https:\/\/www.larenaissancefrancaisenordpasdecalais.fr\/index.php\/wp-json\/wp\/v2\/users\/6"}],"replies":[{"embeddable":true,"href":"https:\/\/www.larenaissancefrancaisenordpasdecalais.fr\/index.php\/wp-json\/wp\/v2\/comments?post=2659"}],"version-history":[{"count":9,"href":"https:\/\/www.larenaissancefrancaisenordpasdecalais.fr\/index.php\/wp-json\/wp\/v2\/posts\/2659\/revisions"}],"predecessor-version":[{"id":2671,"href":"https:\/\/www.larenaissancefrancaisenordpasdecalais.fr\/index.php\/wp-json\/wp\/v2\/posts\/2659\/revisions\/2671"}],"wp:attachment":[{"href":"https:\/\/www.larenaissancefrancaisenordpasdecalais.fr\/index.php\/wp-json\/wp\/v2\/media?parent=2659"}],"wp:term":[{"taxonomy":"category","embeddable":true,"href":"https:\/\/www.larenaissancefrancaisenordpasdecalais.fr\/index.php\/wp-json\/wp\/v2\/categories?post=2659"},{"taxonomy":"post_tag","embeddable":true,"href":"https:\/\/www.larenaissancefrancaisenordpasdecalais.fr\/index.php\/wp-json\/wp\/v2\/tags?post=2659"}],"curies":[{"name":"wp","href":"https:\/\/api.w.org\/{rel}","templated":true}]}}