{"id":480,"date":"2023-01-01T14:10:00","date_gmt":"2023-01-01T13:10:00","guid":{"rendered":"http:\/\/www.larenaissancefrancaisenordpasdecalais.fr\/?p=480"},"modified":"2023-01-06T14:01:32","modified_gmt":"2023-01-06T13:01:32","slug":"compte-rendu-du-dejeuner-litteraire-avec-annie-degroote-du-jeudi-18-fevrier-2016-a-marcq-en-baroeul","status":"publish","type":"post","link":"https:\/\/www.larenaissancefrancaisenordpasdecalais.fr\/index.php\/2023\/01\/01\/compte-rendu-du-dejeuner-litteraire-avec-annie-degroote-du-jeudi-18-fevrier-2016-a-marcq-en-baroeul\/","title":{"rendered":"Compte rendu du d\u00e9jeuner Litt\u00e9raire avec Annie DEGROOTE du jeudi 18 f\u00e9vrier 2016 \u00e0 Marcq-en-Baroeul."},"content":{"rendered":"\n<figure class=\"wp-block-image aligncenter size-full is-resized\"><img loading=\"lazy\" decoding=\"async\" src=\"http:\/\/www.larenaissancefrancaisenordpasdecalais.fr\/wp-content\/uploads\/2022\/12\/cropped-personal2.png\" alt=\"\" class=\"wp-image-9\" width=\"117\" height=\"117\" srcset=\"https:\/\/www.larenaissancefrancaisenordpasdecalais.fr\/wp-content\/uploads\/2022\/12\/cropped-personal2.png 512w, https:\/\/www.larenaissancefrancaisenordpasdecalais.fr\/wp-content\/uploads\/2022\/12\/cropped-personal2-300x300.png 300w, https:\/\/www.larenaissancefrancaisenordpasdecalais.fr\/wp-content\/uploads\/2022\/12\/cropped-personal2-150x150.png 150w, https:\/\/www.larenaissancefrancaisenordpasdecalais.fr\/wp-content\/uploads\/2022\/12\/cropped-personal2-270x270.png 270w, https:\/\/www.larenaissancefrancaisenordpasdecalais.fr\/wp-content\/uploads\/2022\/12\/cropped-personal2-192x192.png 192w, https:\/\/www.larenaissancefrancaisenordpasdecalais.fr\/wp-content\/uploads\/2022\/12\/cropped-personal2-180x180.png 180w, https:\/\/www.larenaissancefrancaisenordpasdecalais.fr\/wp-content\/uploads\/2022\/12\/cropped-personal2-32x32.png 32w\" sizes=\"auto, (max-width: 117px) 100vw, 117px\" \/><\/figure>\n\n\n\n<figure class=\"wp-block-image aligncenter size-full is-resized\"><img loading=\"lazy\" decoding=\"async\" src=\"http:\/\/www.larenaissancefrancaisenordpasdecalais.fr\/wp-content\/uploads\/2023\/01\/parterrederoses1.png\" alt=\"\" class=\"wp-image-436\" width=\"786\" height=\"301\" srcset=\"https:\/\/www.larenaissancefrancaisenordpasdecalais.fr\/wp-content\/uploads\/2023\/01\/parterrederoses1.png 879w, https:\/\/www.larenaissancefrancaisenordpasdecalais.fr\/wp-content\/uploads\/2023\/01\/parterrederoses1-300x115.png 300w, https:\/\/www.larenaissancefrancaisenordpasdecalais.fr\/wp-content\/uploads\/2023\/01\/parterrederoses1-768x294.png 768w\" sizes=\"auto, (max-width: 786px) 100vw, 786px\" \/><\/figure>\n\n\n\n<p>Pour notre premier d\u00e9jeuner litt\u00e9raire de 2016, nous recevons Annie DEGROOTE, qui vient nous pr\u00e9senter son 15e roman \u00ab\u00a0D\u2019infinies Promesses\u00a0\u00bb.<\/p>\n\n\n\n<figure class=\"wp-block-image aligncenter size-full is-resized\"><img loading=\"lazy\" decoding=\"async\" src=\"http:\/\/www.larenaissancefrancaisenordpasdecalais.fr\/wp-content\/uploads\/2023\/01\/degroote10.png\" alt=\"\" class=\"wp-image-545\" width=\"265\" height=\"417\"\/><\/figure>\n\n\n\n<p>Laur\u00e9ate 2015 et membre de la Renaissance Fran\u00e7aise, elle est soci\u00e9taire des Gens de Lettres, ambassadrice de \u00ab\u00a0La &nbsp;Cha\u00eene de l\u2019Espoir\u00a0\u00bb &nbsp;association \u00e0&nbsp;but humanitaire et marraine de \u00ab\u00a0Jean-Charles\u00a0\u00bb g\u00e9ant des \u00e9coliers de Steenvoorde (Nord).<\/p>\n\n\n\n<p>Avant de se consacrer \u00e0 la litt\u00e9rature, Annie DEGROOTE a \u00e9t\u00e9 com\u00e9dienne, auteur dramatique et metteur en sc\u00e8ne.<\/p>\n\n\n\n<p>Hormis \u00ab\u00a0L\u2019\u00e9trang\u00e8re&nbsp;de Saint-P\u00e9tersbourg\u00a0\u00bb &nbsp;et \u00ab\u00a0Les Perles de la Mo\u00efka\u00a0\u00bb qui nous emportent en Russie. Ces autres romans sont un hommage \u00e0 sa terre natale, la Flandre.<\/p>\n\n\n\n<figure class=\"wp-block-image aligncenter size-full is-resized\"><img loading=\"lazy\" decoding=\"async\" src=\"http:\/\/www.larenaissancefrancaisenordpasdecalais.fr\/wp-content\/uploads\/2023\/01\/degroote12.png\" alt=\"\" class=\"wp-image-546\" width=\"262\" height=\"395\"\/><\/figure>\n\n\n\n<p>Avec son dernier&nbsp;roman \u00ab\u00a0D\u2019Infinies Promesses\u00a0\u00bb elle&nbsp;nous entra\u00eene au 15e &nbsp;si\u00e8cle en Flandres et en Bourgogne, dans une fresque romanesque color\u00e9e, aupr\u00e8s des ma\u00eetres verriers et enlumineurs, au temps de la Toison d\u2019Or, \u00e0 la cour du duc de Bourgogne, Philippe &nbsp;III que l\u2019histoire surnommera \u00ab\u00a0le Bon\u00a0\u00bb, aux plus riches heures de cette r\u00e9gion qu\u2019\u00e9tait la Flandre Bourguignonne.<\/p>\n\n\n\n<p>En m\u00ealant ses personnages fictifs aux personnages historiques, elle nous permet de red\u00e9couvrir des pans \u2028m\u00e9connus ou oubli\u00e9s de notre histoire.<\/p>\n\n\n\n<p>Ces personnages sont attachants plus particuli\u00e8rement le petit Aubin, &nbsp;qualifi\u00e9 de simplet que l\u2019on appellerait de nos jours autiste.<\/p>\n\n\n\n<p>Elle veut en finir avec cette id\u00e9e que le moyen \u00e2ge est une \u00e9poque obscure mais nous prouver que c\u2019est une p\u00e9riode riche en cr\u00e9ation.<\/p>\n\n\n\n<figure class=\"wp-block-image aligncenter size-full is-resized\"><img loading=\"lazy\" decoding=\"async\" src=\"http:\/\/www.larenaissancefrancaisenordpasdecalais.fr\/wp-content\/uploads\/2023\/01\/degroote13.png\" alt=\"\" class=\"wp-image-547\" width=\"713\" height=\"412\" srcset=\"https:\/\/www.larenaissancefrancaisenordpasdecalais.fr\/wp-content\/uploads\/2023\/01\/degroote13.png 536w, https:\/\/www.larenaissancefrancaisenordpasdecalais.fr\/wp-content\/uploads\/2023\/01\/degroote13-300x174.png 300w\" sizes=\"auto, (max-width: 713px) 100vw, 713px\" \/><\/figure>\n\n\n\n<p>NOS PROCHAINES RENCONTRES<\/p>\n\n\n\n<p>&#8211; le jeudi 7 avril 2016 &#8211; H\u00f4tel&nbsp;de l\u2019Univers \u00e0&nbsp;Arras &#8211; M. le Professeur Jean-Pierre BOIS nous pr\u00e9sentera son dernier ouvrage \u00ab\u00a0La Fayette\u00a0\u00bb.<\/p>\n\n\n\n<p>&#8211; le jeudi 26 mai 2016 \u00e0 14 h 00 \u00e0 Lille &#8211; visite priv\u00e9e de l\u2019H\u00f4tel &nbsp;d\u2019Hailly-d\u2019Aigremont, nous serons re\u00e7us par le G\u00e9n\u00e9ral de corps d\u2019arm\u00e9e Arnaud SAINTE-CLAIRE DEVILLE commandant les forces arm\u00e9es fran\u00e7aises.<\/p>\n\n\n\n<p>Photos : Michel DUMONT\u2028<\/p>\n\n\n\n<p>Texte : Pascale de LORIOL<\/p>\n\n\n\n<p class=\"has-medium-font-size\"><strong><a href=\"http:\/\/www.larenaissancefrancaisenordpasdecalais.fr\/wp-content\/uploads\/2023\/01\/20160218dlanniedegroote.pdf\">Compte rendu du d\u00e9jeuner Litt\u00e9raire avec Annie DEGROOTE du jeudi 18 f\u00e9vrier 2016 \u00e0 Marcq-en-Baroeul. Version PDF<\/a><\/strong><\/p>\n","protected":false},"excerpt":{"rendered":"<p>Pour notre premier d\u00e9jeuner litt\u00e9raire de 2016, nous recevons Annie DEGROOTE, qui vient nous pr\u00e9senter son 15e roman \u00ab\u00a0D\u2019infinies Promesses\u00a0\u00bb. Laur\u00e9ate 2015 et membre de [&#8230;]<\/p>\n","protected":false},"author":3,"featured_media":0,"comment_status":"closed","ping_status":"","sticky":false,"template":"","format":"standard","meta":{"footnotes":""},"categories":[15],"tags":[],"class_list":["post-480","post","type-post","status-publish","format-standard","hentry","category-les-dejeuners-litteraires-de-2015-a-2020"],"_links":{"self":[{"href":"https:\/\/www.larenaissancefrancaisenordpasdecalais.fr\/index.php\/wp-json\/wp\/v2\/posts\/480","targetHints":{"allow":["GET"]}}],"collection":[{"href":"https:\/\/www.larenaissancefrancaisenordpasdecalais.fr\/index.php\/wp-json\/wp\/v2\/posts"}],"about":[{"href":"https:\/\/www.larenaissancefrancaisenordpasdecalais.fr\/index.php\/wp-json\/wp\/v2\/types\/post"}],"author":[{"embeddable":true,"href":"https:\/\/www.larenaissancefrancaisenordpasdecalais.fr\/index.php\/wp-json\/wp\/v2\/users\/3"}],"replies":[{"embeddable":true,"href":"https:\/\/www.larenaissancefrancaisenordpasdecalais.fr\/index.php\/wp-json\/wp\/v2\/comments?post=480"}],"version-history":[{"count":4,"href":"https:\/\/www.larenaissancefrancaisenordpasdecalais.fr\/index.php\/wp-json\/wp\/v2\/posts\/480\/revisions"}],"predecessor-version":[{"id":551,"href":"https:\/\/www.larenaissancefrancaisenordpasdecalais.fr\/index.php\/wp-json\/wp\/v2\/posts\/480\/revisions\/551"}],"wp:attachment":[{"href":"https:\/\/www.larenaissancefrancaisenordpasdecalais.fr\/index.php\/wp-json\/wp\/v2\/media?parent=480"}],"wp:term":[{"taxonomy":"category","embeddable":true,"href":"https:\/\/www.larenaissancefrancaisenordpasdecalais.fr\/index.php\/wp-json\/wp\/v2\/categories?post=480"},{"taxonomy":"post_tag","embeddable":true,"href":"https:\/\/www.larenaissancefrancaisenordpasdecalais.fr\/index.php\/wp-json\/wp\/v2\/tags?post=480"}],"curies":[{"name":"wp","href":"https:\/\/api.w.org\/{rel}","templated":true}]}}