{"id":482,"date":"2023-01-01T14:20:00","date_gmt":"2023-01-01T13:20:00","guid":{"rendered":"http:\/\/www.larenaissancefrancaisenordpasdecalais.fr\/?p=482"},"modified":"2023-01-06T14:02:19","modified_gmt":"2023-01-06T13:02:19","slug":"compte-rendu-du-dejeuner-litteraire-avec-jean-pierre-bois-du-jeudi-7-avril-2016-a-arras","status":"publish","type":"post","link":"https:\/\/www.larenaissancefrancaisenordpasdecalais.fr\/index.php\/2023\/01\/01\/compte-rendu-du-dejeuner-litteraire-avec-jean-pierre-bois-du-jeudi-7-avril-2016-a-arras\/","title":{"rendered":"Compte rendu du d\u00e9jeuner litt\u00e9raire avec Jean-Pierre BOIS du jeudi 7 avril 2016 \u00e0 Arras."},"content":{"rendered":"\n<figure class=\"wp-block-image aligncenter size-full is-resized\"><img loading=\"lazy\" decoding=\"async\" src=\"http:\/\/www.larenaissancefrancaisenordpasdecalais.fr\/wp-content\/uploads\/2022\/12\/cropped-personal2.png\" alt=\"\" class=\"wp-image-9\" width=\"139\" height=\"139\" srcset=\"https:\/\/www.larenaissancefrancaisenordpasdecalais.fr\/wp-content\/uploads\/2022\/12\/cropped-personal2.png 512w, https:\/\/www.larenaissancefrancaisenordpasdecalais.fr\/wp-content\/uploads\/2022\/12\/cropped-personal2-300x300.png 300w, https:\/\/www.larenaissancefrancaisenordpasdecalais.fr\/wp-content\/uploads\/2022\/12\/cropped-personal2-150x150.png 150w, https:\/\/www.larenaissancefrancaisenordpasdecalais.fr\/wp-content\/uploads\/2022\/12\/cropped-personal2-270x270.png 270w, https:\/\/www.larenaissancefrancaisenordpasdecalais.fr\/wp-content\/uploads\/2022\/12\/cropped-personal2-192x192.png 192w, https:\/\/www.larenaissancefrancaisenordpasdecalais.fr\/wp-content\/uploads\/2022\/12\/cropped-personal2-180x180.png 180w, https:\/\/www.larenaissancefrancaisenordpasdecalais.fr\/wp-content\/uploads\/2022\/12\/cropped-personal2-32x32.png 32w\" sizes=\"auto, (max-width: 139px) 100vw, 139px\" \/><\/figure>\n\n\n\n<figure class=\"wp-block-image aligncenter size-full is-resized\"><img loading=\"lazy\" decoding=\"async\" src=\"http:\/\/www.larenaissancefrancaisenordpasdecalais.fr\/wp-content\/uploads\/2023\/01\/parterrederoses1.png\" alt=\"\" class=\"wp-image-436\" width=\"756\" height=\"290\" srcset=\"https:\/\/www.larenaissancefrancaisenordpasdecalais.fr\/wp-content\/uploads\/2023\/01\/parterrederoses1.png 879w, https:\/\/www.larenaissancefrancaisenordpasdecalais.fr\/wp-content\/uploads\/2023\/01\/parterrederoses1-300x115.png 300w, https:\/\/www.larenaissancefrancaisenordpasdecalais.fr\/wp-content\/uploads\/2023\/01\/parterrederoses1-768x294.png 768w\" sizes=\"auto, (max-width: 756px) 100vw, 756px\" \/><\/figure>\n\n\n\n<p>Pour notre d\u00e9jeuner litt\u00e9raire de printemps, nous recevons Jean-Pierre BOIS, agr\u00e9g\u00e9 d\u2019histoire et docteur Es lettre, professeur \u00e9m\u00e9rite de l\u2019universit\u00e9 de Nantes, sp\u00e9cialiste de l\u2019histoire moderne des relations internationales et de la soci\u00e9t\u00e9 militaire du XVIIIe et XIXe si\u00e8cle.<\/p>\n\n\n\n<figure class=\"wp-block-image aligncenter size-full is-resized\"><img loading=\"lazy\" decoding=\"async\" src=\"http:\/\/www.larenaissancefrancaisenordpasdecalais.fr\/wp-content\/uploads\/2023\/01\/bois1.png\" alt=\"\" class=\"wp-image-553\" width=\"628\" height=\"211\" srcset=\"https:\/\/www.larenaissancefrancaisenordpasdecalais.fr\/wp-content\/uploads\/2023\/01\/bois1.png 428w, https:\/\/www.larenaissancefrancaisenordpasdecalais.fr\/wp-content\/uploads\/2023\/01\/bois1-300x101.png 300w\" sizes=\"auto, (max-width: 628px) 100vw, 628px\" \/><figcaption class=\"wp-element-caption\">Il nous pr\u00e9sente sa derni\u00e8re biographie sur \u00ab\u00a0LA FAYETTE\u00a0\u00bb.<\/figcaption><\/figure>\n\n\n\n<p>Adul\u00e9 des am\u00e9ricains depuis plus de deux si\u00e8cles, La Fayette est souvent mal connu et mal compris des fran\u00e7ais. Son image reste celle du jeune homme parti sur \u00ab\u00a0l\u2019Hermione\u00a0\u00bb pour combattre \u00ab\u00a0la perfide Albion\u00a0\u00bb aux c\u00f4t\u00e9s des insurg\u00e9s am\u00e9ricains. Son nom reste li\u00e9 \u00e0 la notion de \u00ab\u00a0Libert\u00e9\u00a0\u00bb.<\/p>\n\n\n\n<p>N\u00e9 en 1757 en Haute-Loire \u00e0 Chavaniac, de bonne noblesse auvergnate, il conna\u00eetra la royaut\u00e9 et sa chute, la r\u00e9volution, l\u2019empire, la restauration et la monarchie de juillet.<\/p>\n\n\n\n<p>H\u00e9ros des deux mondes, il est l\u2019homme de l\u2019ind\u00e9pendance am\u00e9ricaine, grand ami de Georges Washington et il sera fait \u00ab\u00a0citoyen am\u00e9ricain\u00a0\u00bb. Il est l\u2019homme de 11 juillet 1789, auteur de la premi\u00e8re d\u00e9claration des droits de l\u2019homme et celui du 15 juillet plac\u00e9 \u00e0 la t\u00eate de la garde nationale. Lui qui avec d\u2019autres, d\u00e9choit Napol\u00e9on en juin 1815 et lui enfin qui fait de Louis-Philippe un roi en juillet 1830. Avec toujours le m\u00eame mot cl\u00e9 \u00ab\u00a0Libert\u00e9\u00a0\u00bb.<\/p>\n\n\n\n<p>Il ne veut pas d\u2019une libert\u00e9 des barricades. Il est r\u00e9publicain mais ne veut pas la r\u00e9publique de la rue.<\/p>\n\n\n\n<p>Sa vision de la libert\u00e9 peut faire de lui l\u2019inventeur d\u2019un nouveau concept politique \u00ab\u00a0le centre\u00a0\u00bb. Un centre lib\u00e9ral et constitutionnel qui ne serait ni monarchie absolue, ni r\u00e9publique d\u00e9mocratique. N\u00e9 dans un monde ancien, il d\u00e9c\u00e8de en 1834 dans un monde nouveau o\u00f9 l\u2019id\u00e9e de libert\u00e9 est d\u00e9sormais commune et o\u00f9 les privil\u00e8ges de la naissance sont r\u00e9volus.<\/p>\n\n\n\n<figure class=\"wp-block-image size-full\"><img loading=\"lazy\" decoding=\"async\" width=\"801\" height=\"263\" src=\"http:\/\/www.larenaissancefrancaisenordpasdecalais.fr\/wp-content\/uploads\/2023\/01\/bois2.png\" alt=\"\" class=\"wp-image-555\" srcset=\"https:\/\/www.larenaissancefrancaisenordpasdecalais.fr\/wp-content\/uploads\/2023\/01\/bois2.png 801w, https:\/\/www.larenaissancefrancaisenordpasdecalais.fr\/wp-content\/uploads\/2023\/01\/bois2-300x99.png 300w, https:\/\/www.larenaissancefrancaisenordpasdecalais.fr\/wp-content\/uploads\/2023\/01\/bois2-768x252.png 768w\" sizes=\"auto, (max-width: 801px) 100vw, 801px\" \/><\/figure>\n\n\n\n<p><strong>Dates \u00e0 retenir :<\/strong><\/p>\n\n\n\n<p>&#8211; le jeudi 26 mai \u00e0 Lille &#8211; visite priv\u00e9e de l\u2019h\u00f4tel d\u2019Ailly-d\u2019Aigremont (XVIIIe si\u00e8cle) r\u00e9sidence officielle du G\u00e9n\u00e9ral commandant les forces terrestres de l\u2019arm\u00e9e fran\u00e7aise.<\/p>\n\n\n\n<p>&#8211; le jeudi 9 juin \u00e0 Paris &#8211; Assembl\u00e9e G\u00e9n\u00e9rale de la Renaissance Fran\u00e7aise.<\/p>\n\n\n\n<p>&#8211; le mercredi 21 septembre \u00e0 11 h 00 \u00e0 Marcq-en-Baroeul &#8211; D\u00e9jeuner litt\u00e9raire avec Marie-H\u00e9l\u00e8ne Lafon. Elle nous pr\u00e9sentera son dernier roman \u00ab\u00a0Joseph\u00a0\u00bb (finaliste Prix F\u00e9mina 2014) &#8211; \u00e9ditions Buchet-Castel.<\/p>\n\n\n\n<p>&#8211; le jeudi 13 octobre \u00e0 14 h 00 \u00e0 la citadelle d\u2019Arras &#8211; Visite-d\u00e9gustation \u00e0 la Soci\u00e9t\u00e9 La Finarde. Nous serons re\u00e7us par son responsable Jean-Fran\u00e7ois Dubois, ma\u00eetre fromager et affineur (Laur\u00e9at de la promotion 2015 et membre de la Renaissance Fran\u00e7aise Nord\/Pas-de-Calais).<\/p>\n\n\n\n<p>Photos : Michel DUMONT<\/p>\n\n\n\n<p class=\"has-medium-font-size\"><strong><a href=\"http:\/\/www.larenaissancefrancaisenordpasdecalais.fr\/wp-content\/uploads\/2023\/01\/20160407dljeanpierre-bois.pdf\">Compte rendu du d\u00e9jeuner litt\u00e9raire avec Jean-Pierre BOIS du jeudi 7 avril 2016 \u00e0 Arras. Version PDF<\/a><\/strong><\/p>\n","protected":false},"excerpt":{"rendered":"<p>Pour notre d\u00e9jeuner litt\u00e9raire de printemps, nous recevons Jean-Pierre BOIS, agr\u00e9g\u00e9 d\u2019histoire et docteur Es lettre, professeur \u00e9m\u00e9rite de l\u2019universit\u00e9 de Nantes, sp\u00e9cialiste de l\u2019histoire [&#8230;]<\/p>\n","protected":false},"author":3,"featured_media":0,"comment_status":"closed","ping_status":"","sticky":false,"template":"","format":"standard","meta":{"footnotes":""},"categories":[15],"tags":[],"class_list":["post-482","post","type-post","status-publish","format-standard","hentry","category-les-dejeuners-litteraires-de-2015-a-2020"],"_links":{"self":[{"href":"https:\/\/www.larenaissancefrancaisenordpasdecalais.fr\/index.php\/wp-json\/wp\/v2\/posts\/482","targetHints":{"allow":["GET"]}}],"collection":[{"href":"https:\/\/www.larenaissancefrancaisenordpasdecalais.fr\/index.php\/wp-json\/wp\/v2\/posts"}],"about":[{"href":"https:\/\/www.larenaissancefrancaisenordpasdecalais.fr\/index.php\/wp-json\/wp\/v2\/types\/post"}],"author":[{"embeddable":true,"href":"https:\/\/www.larenaissancefrancaisenordpasdecalais.fr\/index.php\/wp-json\/wp\/v2\/users\/3"}],"replies":[{"embeddable":true,"href":"https:\/\/www.larenaissancefrancaisenordpasdecalais.fr\/index.php\/wp-json\/wp\/v2\/comments?post=482"}],"version-history":[{"count":4,"href":"https:\/\/www.larenaissancefrancaisenordpasdecalais.fr\/index.php\/wp-json\/wp\/v2\/posts\/482\/revisions"}],"predecessor-version":[{"id":558,"href":"https:\/\/www.larenaissancefrancaisenordpasdecalais.fr\/index.php\/wp-json\/wp\/v2\/posts\/482\/revisions\/558"}],"wp:attachment":[{"href":"https:\/\/www.larenaissancefrancaisenordpasdecalais.fr\/index.php\/wp-json\/wp\/v2\/media?parent=482"}],"wp:term":[{"taxonomy":"category","embeddable":true,"href":"https:\/\/www.larenaissancefrancaisenordpasdecalais.fr\/index.php\/wp-json\/wp\/v2\/categories?post=482"},{"taxonomy":"post_tag","embeddable":true,"href":"https:\/\/www.larenaissancefrancaisenordpasdecalais.fr\/index.php\/wp-json\/wp\/v2\/tags?post=482"}],"curies":[{"name":"wp","href":"https:\/\/api.w.org\/{rel}","templated":true}]}}